{"id":140318,"date":"2022-02-08T09:24:39","date_gmt":"2022-02-08T14:24:39","guid":{"rendered":"https:\/\/linitiative.ca\/International\/expo-de-dubai-plus-de-12-millions-de-visiteurs\/"},"modified":"2022-02-08T09:24:39","modified_gmt":"2022-02-08T14:24:39","slug":"expo-de-dubai-plus-de-12-millions-de-visiteurs","status":"publish","type":"post","link":"https:\/\/linitiative.ca\/International\/expo-de-dubai-plus-de-12-millions-de-visiteurs\/","title":{"rendered":"Expo de Duba\u00ef: Plus de 12 millions de visiteurs"},"content":{"rendered":"<div>\n<div class=\"field field-name-body field-type-text-with-summary field-label-hidden\">\n<div class=\"field-items\">\n<div class=\"field-item even\" property=\"content:encoded\">\n<p class=\"rtejustify\">L\u2019Expo Duba\u00ef 2020 continue d\u2019attirer du monde. Au total, plus de 12,4 millions de visiteurs ont \u00e9t\u00e9 totalis\u00e9s jusque-l\u00e0, selon les donn\u00e9es d\u00e9voil\u00e9es par les organisateurs.<\/p>\n<\/div>\n<\/div>\n<\/div>\n<\/div>\n<p>Auteur: mbasraoui<br \/>\n<a href=\"https:\/\/www.leconomiste.com\/flash-infos\/expo-de-dubai-plus-de-12-millions-de-visiteurs\">Cliquez ici pour lire l&rsquo;article depuis sa source.<\/a><\/p>\n","protected":false},"excerpt":{"rendered":"<p>L\u2019Expo Duba\u00ef 2020 continue d\u2019attirer du monde. Au total, plus de 12,4 millions de visiteurs ont \u00e9t\u00e9 totalis\u00e9s jusque-l\u00e0, selon les donn\u00e9es d\u00e9voil\u00e9es par les organisateurs. Auteur: mbasraoui Cliquez ici pour lire l&rsquo;article depuis sa source.<\/p>\n","protected":false},"author":1763,"featured_media":0,"comment_status":"closed","ping_status":"closed","sticky":false,"template":"","format":"standard","meta":{"fifu_image_url":"","fifu_image_alt":"","footnotes":""},"categories":[78,54],"tags":[],"class_list":["post-140318","post","type-post","status-publish","format-standard","hentry","category-economie","category-maroc"],"_links":{"self":[{"href":"https:\/\/linitiative.ca\/International\/wp-json\/wp\/v2\/posts\/140318","targetHints":{"allow":["GET"]}}],"collection":[{"href":"https:\/\/linitiative.ca\/International\/wp-json\/wp\/v2\/posts"}],"about":[{"href":"https:\/\/linitiative.ca\/International\/wp-json\/wp\/v2\/types\/post"}],"author":[{"embeddable":true,"href":"https:\/\/linitiative.ca\/International\/wp-json\/wp\/v2\/users\/1763"}],"replies":[{"embeddable":true,"href":"https:\/\/linitiative.ca\/International\/wp-json\/wp\/v2\/comments?post=140318"}],"version-history":[{"count":0,"href":"https:\/\/linitiative.ca\/International\/wp-json\/wp\/v2\/posts\/140318\/revisions"}],"wp:attachment":[{"href":"https:\/\/linitiative.ca\/International\/wp-json\/wp\/v2\/media?parent=140318"}],"wp:term":[{"taxonomy":"category","embeddable":true,"href":"https:\/\/linitiative.ca\/International\/wp-json\/wp\/v2\/categories?post=140318"},{"taxonomy":"post_tag","embeddable":true,"href":"https:\/\/linitiative.ca\/International\/wp-json\/wp\/v2\/tags?post=140318"}],"curies":[{"name":"wp","href":"https:\/\/api.w.org\/{rel}","templated":true}]}}