{"id":140324,"date":"2022-02-08T13:11:00","date_gmt":"2022-02-08T18:11:00","guid":{"rendered":"https:\/\/linitiative.ca\/International\/man-city-guardiola-reagit-a-la-sortie-de-grealish-mahrez-et-walker\/"},"modified":"2022-02-08T13:11:00","modified_gmt":"2022-02-08T18:11:00","slug":"man-city-guardiola-reagit-a-la-sortie-de-grealish-mahrez-et-walker","status":"publish","type":"post","link":"https:\/\/linitiative.ca\/International\/man-city-guardiola-reagit-a-la-sortie-de-grealish-mahrez-et-walker\/","title":{"rendered":"Man City : Guardiola r\u00e9agit \u00e0 la sortie de Grealish, Mahrez et Walker"},"content":{"rendered":"<div>Pep Guardiola a \u00e9t\u00e9 invit\u00e9 \u00e0 r\u00e9agir \u00e0 la vid\u00e9o montrant un Jack Grealish visiblement alcoolis\u00e9 se faire refouler d&rsquo;un bar. Le joueur \u00e9tait accompagn\u00e9 par Riyad Mahrez et Kyle Walker<\/div>\n<p>Auteur:<br \/>\n<a href=\"https:\/\/www.lebuteur.com\/article\/detail?titre=man-city-guardiola-reagit-a-la-sortie-de-grealish-mahrez-et-walker&#038;id=102261\">Cliquez ici pour lire l&rsquo;article depuis sa source.<\/a><\/p>\n","protected":false},"excerpt":{"rendered":"<p>Pep Guardiola a \u00e9t\u00e9 invit\u00e9 \u00e0 r\u00e9agir \u00e0 la vid\u00e9o montrant un Jack Grealish visiblement alcoolis\u00e9 se faire refouler d&rsquo;un bar. Le joueur \u00e9tait accompagn\u00e9 par Riyad Mahrez et Kyle Walker Auteur: Cliquez ici pour lire l&rsquo;article depuis sa source.<\/p>\n","protected":false},"author":1738,"featured_media":0,"comment_status":"closed","ping_status":"closed","sticky":false,"template":"","format":"standard","meta":{"fifu_image_url":"","fifu_image_alt":"","footnotes":""},"categories":[53,75],"tags":[],"class_list":["post-140324","post","type-post","status-publish","format-standard","hentry","category-algerie","category-sport"],"_links":{"self":[{"href":"https:\/\/linitiative.ca\/International\/wp-json\/wp\/v2\/posts\/140324","targetHints":{"allow":["GET"]}}],"collection":[{"href":"https:\/\/linitiative.ca\/International\/wp-json\/wp\/v2\/posts"}],"about":[{"href":"https:\/\/linitiative.ca\/International\/wp-json\/wp\/v2\/types\/post"}],"author":[{"embeddable":true,"href":"https:\/\/linitiative.ca\/International\/wp-json\/wp\/v2\/users\/1738"}],"replies":[{"embeddable":true,"href":"https:\/\/linitiative.ca\/International\/wp-json\/wp\/v2\/comments?post=140324"}],"version-history":[{"count":0,"href":"https:\/\/linitiative.ca\/International\/wp-json\/wp\/v2\/posts\/140324\/revisions"}],"wp:attachment":[{"href":"https:\/\/linitiative.ca\/International\/wp-json\/wp\/v2\/media?parent=140324"}],"wp:term":[{"taxonomy":"category","embeddable":true,"href":"https:\/\/linitiative.ca\/International\/wp-json\/wp\/v2\/categories?post=140324"},{"taxonomy":"post_tag","embeddable":true,"href":"https:\/\/linitiative.ca\/International\/wp-json\/wp\/v2\/tags?post=140324"}],"curies":[{"name":"wp","href":"https:\/\/api.w.org\/{rel}","templated":true}]}}