{"id":140326,"date":"2022-02-08T14:05:00","date_gmt":"2022-02-08T19:05:00","guid":{"rendered":"https:\/\/linitiative.ca\/International\/egypte-salah-pense-deja-a-prendre-sa-revanche-sur-le-senegal\/"},"modified":"2022-02-08T14:05:00","modified_gmt":"2022-02-08T19:05:00","slug":"egypte-salah-pense-deja-a-prendre-sa-revanche-sur-le-senegal","status":"publish","type":"post","link":"https:\/\/linitiative.ca\/International\/egypte-salah-pense-deja-a-prendre-sa-revanche-sur-le-senegal\/","title":{"rendered":"Egypte : Salah pense d\u00e9j\u00e0 \u00e0 prendre sa revanche sur le S\u00e9n\u00e9gal"},"content":{"rendered":"<div>Battu en finale de la CAN par le S\u00e9n\u00e9gal (0-0, 4-2 tab), dimanche, Mohamed Salah (29 ans) a rapidement \u00e9vacu\u00e9 la d\u00e9ception<\/div>\n<p>Auteur:<br \/>\n<a href=\"https:\/\/www.lebuteur.com\/article\/detail?titre=egypte-salah-pense-deja-a-prendre-sa-revanche-sur-le-senegal&#038;id=102263\">Cliquez ici pour lire l&rsquo;article depuis sa source.<\/a><\/p>\n","protected":false},"excerpt":{"rendered":"<p>Battu en finale de la CAN par le S\u00e9n\u00e9gal (0-0, 4-2 tab), dimanche, Mohamed Salah (29 ans) a rapidement \u00e9vacu\u00e9 la d\u00e9ception Auteur: Cliquez ici pour lire l&rsquo;article depuis sa source.<\/p>\n","protected":false},"author":1738,"featured_media":0,"comment_status":"closed","ping_status":"closed","sticky":false,"template":"","format":"standard","meta":{"fifu_image_url":"","fifu_image_alt":"","footnotes":""},"categories":[53,75],"tags":[],"class_list":["post-140326","post","type-post","status-publish","format-standard","hentry","category-algerie","category-sport"],"_links":{"self":[{"href":"https:\/\/linitiative.ca\/International\/wp-json\/wp\/v2\/posts\/140326","targetHints":{"allow":["GET"]}}],"collection":[{"href":"https:\/\/linitiative.ca\/International\/wp-json\/wp\/v2\/posts"}],"about":[{"href":"https:\/\/linitiative.ca\/International\/wp-json\/wp\/v2\/types\/post"}],"author":[{"embeddable":true,"href":"https:\/\/linitiative.ca\/International\/wp-json\/wp\/v2\/users\/1738"}],"replies":[{"embeddable":true,"href":"https:\/\/linitiative.ca\/International\/wp-json\/wp\/v2\/comments?post=140326"}],"version-history":[{"count":0,"href":"https:\/\/linitiative.ca\/International\/wp-json\/wp\/v2\/posts\/140326\/revisions"}],"wp:attachment":[{"href":"https:\/\/linitiative.ca\/International\/wp-json\/wp\/v2\/media?parent=140326"}],"wp:term":[{"taxonomy":"category","embeddable":true,"href":"https:\/\/linitiative.ca\/International\/wp-json\/wp\/v2\/categories?post=140326"},{"taxonomy":"post_tag","embeddable":true,"href":"https:\/\/linitiative.ca\/International\/wp-json\/wp\/v2\/tags?post=140326"}],"curies":[{"name":"wp","href":"https:\/\/api.w.org\/{rel}","templated":true}]}}