{"id":140330,"date":"2022-02-08T11:41:27","date_gmt":"2022-02-08T16:41:27","guid":{"rendered":"https:\/\/linitiative.ca\/International\/bien-soigner-la-redaction-de-son-cv\/"},"modified":"2022-02-08T11:41:27","modified_gmt":"2022-02-08T16:41:27","slug":"bien-soigner-la-redaction-de-son-cv","status":"publish","type":"post","link":"https:\/\/linitiative.ca\/International\/bien-soigner-la-redaction-de-son-cv\/","title":{"rendered":"Bien soigner la r\u00e9daction de son CV"},"content":{"rendered":"<div>\n<p>Avec des processus d\u2019embauche moins contraignants et dans la plupart des cas s\u00e9lectifs en ligne, la pr\u00e9sentation d\u2019un bon CV et d\u2019une lettre de motivation bien pr\u00e9sent\u00e9e augmentent les chances des candidats \u00e0 \u00eatre retenus. Vous trouverez ci-dessous des conseils pertinents pour vous aider \u00e0 bien <strong>r\u00e9diger votre CV<\/strong>.<\/p>\n<h2>1. N\u2019incluez que les informations pertinentes et mettez-les en premier<\/h2>\n<p>M\u00eame si vous avez une grande exp\u00e9rience professionnelle ou scolaire, il est important que votre CV soit aussi bref que possible sans omettre les informations essentielles. Les responsables du recrutement ne passent pas beaucoup de temps \u00e0 <strong>lire chaque CV<\/strong>. Des recherches ont montr\u00e9 que les responsables du recrutement ne consacrent que quelques secondes \u00e0 chaque CV. Si votre CV contient des informations anciennes ou non pertinentes, telles que des emplois occup\u00e9s il y a plus de 10 ans ou des dipl\u00f4mes et r\u00e9alisations mineurs, cela peut d\u00e9tourner l\u2019attention des informations cl\u00e9s.<\/p>\n<p>Essayez d\u2019inclure uniquement <strong>l\u2019exp\u00e9rience professionnelle<\/strong>, les r\u00e9alisations, l\u2019\u00e9ducation et les comp\u00e9tences les plus pertinentes pour l\u2019employeur. Vous pouvez trouver les attributs les plus pertinents en lisant attentivement l\u2019offre d\u2019emploi et vous baser sur <a href=\"https:\/\/modeles-cv.fr\/exemples-cv\/\">mod\u00e8le CV<\/a> sp\u00e9cifique \u00e0 votre secteur d\u2019activit\u00e9.<\/p>\n<h2>2. Utilisez un langage actif<\/h2>\n<p>Votre CV doit \u00eatre r\u00e9dig\u00e9 dans un <strong>langage actif<\/strong>, sans mots superflus. Cela signifie que vous devez utiliser des mots forts, tels que \u201c<i>atteint<\/i>\u201c, \u201c<i>gagn\u00e9<\/i>\u201c, \u201c<i>termin\u00e9<\/i>\u201d ou \u201c<i>accompli<\/i>\u201c. Si <a href=\"https:\/\/etudiant.lefigaro.fr\/stage-emploi\/actu\/detail\/article\/les-7-regles-du-cv-des-jeunes-diplomes-6938\/\">votre CV<\/a> est trop long ou semble difficile \u00e0 lire, vous pouvez envisager de raccourcir les phrases ou de rendre les id\u00e9es plus concises.<\/p>\n<h2>3. Attirez l\u2019attention sur les r\u00e9alisations importantes<\/h2>\n<p>Au lieu d\u2019\u00e9num\u00e9rer vos t\u00e2ches professionnelles dans la section \u201c<i>Exp\u00e9rience<\/i>\u201c, s\u00e9lectionnez vos trois ou quatre r\u00e9alisations les plus importantes dans chaque r\u00f4le que vous avez occup\u00e9. Dans la mesure du possible, indiquez les chiffres qui mesurent votre r\u00e9ussite pour cet objectif ou cette r\u00e9alisation particuli\u00e8re.<\/p>\n<p>Vous pouvez \u00e9galement envisager d\u2019inclure une section distincte \u201cR\u00e9alisations\u201d ou \u201cComp\u00e9tences\u201d pour mettre en \u00e9vidence les r\u00e9alisations pertinentes dans le cadre de vos \u00e9tudes, de votre carri\u00e8re, du b\u00e9n\u00e9volat ou d\u2019autres exp\u00e9riences.<\/p>\n<h2>4. N\u2019incluez que les sous-titres et les sections dont vous avez besoin<\/h2>\n<p>Que vous utilisiez un mod\u00e8le de CV ou que vous cr\u00e9iez le v\u00f4tre, vous constaterez peut-\u00eatre que certaines sections recommand\u00e9es ne sont pas n\u00e9cessaires.<\/p>\n<p>Par exemple, vous pouvez avoir besoin d\u2019un <strong>r\u00e9sum\u00e9 de CV<\/strong> ou d\u2019un objectif de CV, mais vous ne devez pas inclure les deux. Si vous venez de terminer l\u2019universit\u00e9 ou le lyc\u00e9e et que vous n\u2019avez pas encore occup\u00e9 de poste professionnel, n\u2019incluez pas une section vide sur l\u2019historique de travail. Au lieu de cela, vous pouvez remplacer la section \u201cexp\u00e9rience\u201d par des cours pertinents, des r\u00e9sultats scolaires et d\u2019autres exp\u00e9riences telles que des stages ou des projets extrascolaires.<\/p>\n<h2>5. Choisissez des marges appropri\u00e9es<\/h2>\n<p>En r\u00e8gle g\u00e9n\u00e9rale, vous devriez utiliser une marge d\u2019un pouce de chaque c\u00f4t\u00e9 de votre CV, avec des espaces simples entre les lignes. Si vous avez trop d\u2019espace blanc, vous pouvez envisager d\u2019espacer vos lignes de 1,15 ou 1,5. Vous pouvez \u00e9galement augmenter vos marges si vous trouvez qu\u2019il est difficile de remplir votre CV, mais elles doivent rester inf\u00e9rieures \u00e0 deux pouces.<\/p>\n<h2>6. Relisez et \u00e9ditez<\/h2>\n<p>Avant <strong>d\u2019envoyer votre CV<\/strong>, vous devez le relire \u00e0 plusieurs reprises pour vous assurer qu\u2019il ne contient aucune faute d\u2019orthographe ou de grammaire. Bien qu\u2019il existe plusieurs programmes et outils de relecture que vous pouvez utiliser, il est \u00e9galement utile de demander \u00e0 des amis ou \u00e0 des coll\u00e8gues de confiance de <strong>relire votre CV<\/strong>. Il est utile qu\u2019un tiers objectif examine votre CV comme le ferait un employeur pour trouver des moyens de le corriger ou de l\u2019am\u00e9liorer.<\/p>\n<p>The post <a rel=\"nofollow\" href=\"https:\/\/www.reflexiondz.net\/bien-soigner-la-redaction-de-son-cv\/\">Bien soigner la r\u00e9daction de son CV<\/a> appeared first on <a rel=\"nofollow\" href=\"https:\/\/www.reflexiondz.net\/\">reflexiondz<\/a>.<\/p>\n<\/div>\n<p>Auteur: reflexiondz_net<br \/>\n<a href=\"https:\/\/www.reflexiondz.net\/bien-soigner-la-redaction-de-son-cv\/\">Cliquez ici pour lire l&rsquo;article depuis sa source.<\/a><\/p>\n","protected":false},"excerpt":{"rendered":"<p>Avec des processus d\u2019embauche moins contraignants et dans la plupart des cas s\u00e9lectifs en ligne, la pr\u00e9sentation d\u2019un bon CV et d\u2019une lettre de motivation bien pr\u00e9sent\u00e9e augmentent les chances des candidats \u00e0 \u00eatre retenus. Vous trouverez ci-dessous des conseils pertinents pour vous aider \u00e0 bien r\u00e9diger votre CV. 1. N\u2019incluez que les informations pertinentes [&hellip;]<\/p>\n","protected":false},"author":1740,"featured_media":0,"comment_status":"closed","ping_status":"closed","sticky":false,"template":"","format":"standard","meta":{"fifu_image_url":"","fifu_image_alt":"","footnotes":""},"categories":[53,76],"tags":[],"class_list":["post-140330","post","type-post","status-publish","format-standard","hentry","category-algerie","category-regions"],"_links":{"self":[{"href":"https:\/\/linitiative.ca\/International\/wp-json\/wp\/v2\/posts\/140330","targetHints":{"allow":["GET"]}}],"collection":[{"href":"https:\/\/linitiative.ca\/International\/wp-json\/wp\/v2\/posts"}],"about":[{"href":"https:\/\/linitiative.ca\/International\/wp-json\/wp\/v2\/types\/post"}],"author":[{"embeddable":true,"href":"https:\/\/linitiative.ca\/International\/wp-json\/wp\/v2\/users\/1740"}],"replies":[{"embeddable":true,"href":"https:\/\/linitiative.ca\/International\/wp-json\/wp\/v2\/comments?post=140330"}],"version-history":[{"count":0,"href":"https:\/\/linitiative.ca\/International\/wp-json\/wp\/v2\/posts\/140330\/revisions"}],"wp:attachment":[{"href":"https:\/\/linitiative.ca\/International\/wp-json\/wp\/v2\/media?parent=140330"}],"wp:term":[{"taxonomy":"category","embeddable":true,"href":"https:\/\/linitiative.ca\/International\/wp-json\/wp\/v2\/categories?post=140330"},{"taxonomy":"post_tag","embeddable":true,"href":"https:\/\/linitiative.ca\/International\/wp-json\/wp\/v2\/tags?post=140330"}],"curies":[{"name":"wp","href":"https:\/\/api.w.org\/{rel}","templated":true}]}}