{"id":140333,"date":"2022-02-08T05:44:00","date_gmt":"2022-02-08T10:44:00","guid":{"rendered":"https:\/\/linitiative.ca\/International\/hatem-kotrane-nous-avons-un-roi-sauf-lheredite\/"},"modified":"2022-02-08T05:44:00","modified_gmt":"2022-02-08T10:44:00","slug":"hatem-kotrane-nous-avons-un-roi-sauf-lheredite","status":"publish","type":"post","link":"https:\/\/linitiative.ca\/International\/hatem-kotrane-nous-avons-un-roi-sauf-lheredite\/","title":{"rendered":"Hatem Kotrane: Nous avons un roi, sauf l\u2019h\u00e9r\u00e9dit\u00e9 !"},"content":{"rendered":"<div><img decoding=\"async\" src=\"https:\/\/linitiative.ca\/International\/wp-content\/uploads\/sites\/23\/2022\/02\/1644330015_article.jpg\" alt=\"Tunisie: Nous avons un roi, sauf l\u2019h\u00e9r\u00e9dit\u00e9 !  \" align=\"left\">1. L\u2019expression est de Louis Blanc (journaliste et historien fran\u00e7ais, membre du gouvernement provisoire de 1848 et d\u00e9put\u00e9 sous la 3\u00e8me R\u00e9publique) et r\u00e9sume les pouvoirs du pr\u00e9sident sous la 3\u00e8me r\u00e9publique en France, comparables \u00e0 ceux d\u2019un monarque parlementaire. Nous devions d\u00e9j\u00e0 utiliser cette m\u00eame expression dans un article que nous projetions de publier le lendemain m\u00eame du d\u00e9cret pr\u00e9sidentiel n\u00b0 2021-117 du 22 septembre 2021, relatif aux mesures exceptionnelles, qui \u00e9taient venues perp\u00e9tuer une situation amorc\u00e9e le soir du 25 juillet avec l\u2019adoption successive du d\u00e9cret Pr\u00e9sidentiel n\u00b0 2021- 69 du 26 juillet 2021, portant cessation de fonctions du Chef &#8230;<\/p>\n<\/div>\n<p>Auteur:<br \/>\n<a href=\"https:\/\/www.leaders.com.tn\/article\/32944-tunisie-nous-avons-un-roi-sauf-l-heredite\">Cliquez ici pour lire l&rsquo;article depuis sa source.<\/a><\/p>\n","protected":false},"excerpt":{"rendered":"<p>1. L\u2019expression est de Louis Blanc (journaliste et historien fran\u00e7ais, membre du gouvernement provisoire de 1848 et d\u00e9put\u00e9 sous la 3\u00e8me R\u00e9publique) et r\u00e9sume les pouvoirs du pr\u00e9sident sous la 3\u00e8me r\u00e9publique en France, comparables \u00e0 ceux d\u2019un monarque parlementaire. Nous devions d\u00e9j\u00e0 utiliser cette m\u00eame expression dans un article que nous projetions de publier [&hellip;]<\/p>\n","protected":false},"author":1772,"featured_media":0,"comment_status":"closed","ping_status":"closed","sticky":false,"template":"","format":"standard","meta":{"fifu_image_url":"http:\/\/www.leaders.com.tn\/uploads\/content\/thumbnails_small\/1644330015_article.jpg","fifu_image_alt":"Hatem Kotrane: Nous avons un roi, sauf l\u2019h\u00e9r\u00e9dit\u00e9 !","footnotes":""},"categories":[73,55],"tags":[],"class_list":["post-140333","post","type-post","status-publish","format-standard","hentry","category-actualite","category-tunisie"],"_links":{"self":[{"href":"https:\/\/linitiative.ca\/International\/wp-json\/wp\/v2\/posts\/140333","targetHints":{"allow":["GET"]}}],"collection":[{"href":"https:\/\/linitiative.ca\/International\/wp-json\/wp\/v2\/posts"}],"about":[{"href":"https:\/\/linitiative.ca\/International\/wp-json\/wp\/v2\/types\/post"}],"author":[{"embeddable":true,"href":"https:\/\/linitiative.ca\/International\/wp-json\/wp\/v2\/users\/1772"}],"replies":[{"embeddable":true,"href":"https:\/\/linitiative.ca\/International\/wp-json\/wp\/v2\/comments?post=140333"}],"version-history":[{"count":0,"href":"https:\/\/linitiative.ca\/International\/wp-json\/wp\/v2\/posts\/140333\/revisions"}],"wp:attachment":[{"href":"https:\/\/linitiative.ca\/International\/wp-json\/wp\/v2\/media?parent=140333"}],"wp:term":[{"taxonomy":"category","embeddable":true,"href":"https:\/\/linitiative.ca\/International\/wp-json\/wp\/v2\/categories?post=140333"},{"taxonomy":"post_tag","embeddable":true,"href":"https:\/\/linitiative.ca\/International\/wp-json\/wp\/v2\/tags?post=140333"}],"curies":[{"name":"wp","href":"https:\/\/api.w.org\/{rel}","templated":true}]}}