{"id":140335,"date":"2022-02-08T08:30:00","date_gmt":"2022-02-08T13:30:00","guid":{"rendered":"https:\/\/linitiative.ca\/International\/la-banque-de-tunisie-et-des-emirats-etrenne-son-nouveau-siege-au-centre-urbain-nord\/"},"modified":"2022-02-08T08:30:00","modified_gmt":"2022-02-08T13:30:00","slug":"la-banque-de-tunisie-et-des-emirats-etrenne-son-nouveau-siege-au-centre-urbain-nord","status":"publish","type":"post","link":"https:\/\/linitiative.ca\/International\/la-banque-de-tunisie-et-des-emirats-etrenne-son-nouveau-siege-au-centre-urbain-nord\/","title":{"rendered":"La Banque de Tunisie et des Emirats \u00e9trenne son nouveau si\u00e8ge au Centre urbain Nord"},"content":{"rendered":"<div><img decoding=\"async\" src=\"https:\/\/linitiative.ca\/International\/wp-content\/uploads\/sites\/23\/2022\/02\/1644320050_article.jpg\" alt=\"La Banque de Tunisie et des Emirats \u00e9trenne son nouveau si\u00e8ge au Centre urbain Nord\" align=\"left\">S\u2019appr\u00eatant \u00e0 c\u00e9l\u00e9brer son 40\u00e8me anniversaire, la Banque de Tunisie et des Emirats (BTE) vient de s\u2019installer dans son nouveau si\u00e8ge implant\u00e9 au boulevard B\u00e9ji Ca\u00efd Essebsi, l\u2019avenue principale du Centre urbain Nord de Tunis. L\u2019\u00e9difice,\u00e9rig\u00e9 sur un terrain d\u2019une superficie de 2500 m2, est con\u00e7u dans une architecture alliant modernit\u00e9, esth\u00e9tisme et fonctionnalit\u00e9 offrant ainsi de bonnes conditions d\u2019accueil de la client\u00e8le et de travail pour le personnel. Il s\u2019\u00e9l\u00e8ve sur six \u00e9tages, couvrant 15000 m2 et comprend, outre les bureaux et les salles de r\u00e9unions, une salle polyvalente et un business center. Il abrite \u00e9galement l\u2019agence centrale de la Banque &#8230;<\/p>\n<\/div>\n<p>Auteur:<br \/>\n<a href=\"https:\/\/www.leaders.com.tn\/article\/32945-la-banque-de-tunisie-et-des-emirats-etrenne-son-nouveau-siege-au-centre-urbain-nord\">Cliquez ici pour lire l&rsquo;article depuis sa source.<\/a><\/p>\n","protected":false},"excerpt":{"rendered":"<p>S\u2019appr\u00eatant \u00e0 c\u00e9l\u00e9brer son 40\u00e8me anniversaire, la Banque de Tunisie et des Emirats (BTE) vient de s\u2019installer dans son nouveau si\u00e8ge implant\u00e9 au boulevard B\u00e9ji Ca\u00efd Essebsi, l\u2019avenue principale du Centre urbain Nord de Tunis. L\u2019\u00e9difice,\u00e9rig\u00e9 sur un terrain d\u2019une superficie de 2500 m2, est con\u00e7u dans une architecture alliant modernit\u00e9, esth\u00e9tisme et fonctionnalit\u00e9 offrant [&hellip;]<\/p>\n","protected":false},"author":1772,"featured_media":0,"comment_status":"closed","ping_status":"closed","sticky":false,"template":"","format":"standard","meta":{"fifu_image_url":"http:\/\/www.leaders.com.tn\/uploads\/content\/thumbnails_small\/1644320050_article.jpg","fifu_image_alt":"La Banque de Tunisie et des Emirats \u00e9trenne son nouveau si\u00e8ge au Centre urbain Nord","footnotes":""},"categories":[73,55],"tags":[],"class_list":["post-140335","post","type-post","status-publish","format-standard","hentry","category-actualite","category-tunisie"],"_links":{"self":[{"href":"https:\/\/linitiative.ca\/International\/wp-json\/wp\/v2\/posts\/140335","targetHints":{"allow":["GET"]}}],"collection":[{"href":"https:\/\/linitiative.ca\/International\/wp-json\/wp\/v2\/posts"}],"about":[{"href":"https:\/\/linitiative.ca\/International\/wp-json\/wp\/v2\/types\/post"}],"author":[{"embeddable":true,"href":"https:\/\/linitiative.ca\/International\/wp-json\/wp\/v2\/users\/1772"}],"replies":[{"embeddable":true,"href":"https:\/\/linitiative.ca\/International\/wp-json\/wp\/v2\/comments?post=140335"}],"version-history":[{"count":0,"href":"https:\/\/linitiative.ca\/International\/wp-json\/wp\/v2\/posts\/140335\/revisions"}],"wp:attachment":[{"href":"https:\/\/linitiative.ca\/International\/wp-json\/wp\/v2\/media?parent=140335"}],"wp:term":[{"taxonomy":"category","embeddable":true,"href":"https:\/\/linitiative.ca\/International\/wp-json\/wp\/v2\/categories?post=140335"},{"taxonomy":"post_tag","embeddable":true,"href":"https:\/\/linitiative.ca\/International\/wp-json\/wp\/v2\/tags?post=140335"}],"curies":[{"name":"wp","href":"https:\/\/api.w.org\/{rel}","templated":true}]}}