{"id":140337,"date":"2022-02-08T11:39:00","date_gmt":"2022-02-08T16:39:00","guid":{"rendered":"https:\/\/linitiative.ca\/International\/la-chirurgie-tunisienne-mise-a-lhonneur-au-xxviiie-symposium-international-de-chirurgie-laparoscopique\/"},"modified":"2022-02-08T11:39:00","modified_gmt":"2022-02-08T16:39:00","slug":"la-chirurgie-tunisienne-mise-a-lhonneur-au-xxviiie-symposium-international-de-chirurgie-laparoscopique","status":"publish","type":"post","link":"https:\/\/linitiative.ca\/International\/la-chirurgie-tunisienne-mise-a-lhonneur-au-xxviiie-symposium-international-de-chirurgie-laparoscopique\/","title":{"rendered":"La chirurgie Tunisienne mise \u00e0 l&rsquo;honneur au XXVIII\u00e8 Symposium International de chirurgie laparoscopique"},"content":{"rendered":"<div><img decoding=\"async\" src=\"https:\/\/linitiative.ca\/International\/wp-content\/uploads\/sites\/23\/2022\/02\/1644337053_article.jpg\" alt=\"La chirurgie Tunisienne mise \u00e0 l\" honneur au xxviii symposium international de chirurgie laparoscopique align=\"left\">Pr Dr Houcine Maghrebi &#8211; La Soci\u00e9t\u00e9 tunisienne de chirurgie Laparoscopique STCL a \u00e9t\u00e9 honor\u00e9e en organisant sa propre session au XXVIII\u00e8 Symposium International de chirurgie laparoscopique qui s&rsquo;est tenu au Palais des congr\u00e8s de Versailles les 27-28-29 Janvier 2022.<br \/>\nCette sollicitation constitue une fiert\u00e9 et une marque de reconnaissance pour la chirurgie Tunisienne.<br \/>\nLa session a \u00e9t\u00e9 ouverte par une conf\u00e9rence\u00a0 concernant\u00a0 le r\u00f4le de la STCL dans la formation des jeunes chirurgiens, qui a \u00e9t\u00e9 pr\u00e9sent\u00e9 par Pr Ag Houcine Maghrebi. La deuxi\u00e8me conf\u00e9rence du Pr Faouzi Chebbi concernant les colectomies laparoscopique pour cancer a \u00e9t\u00e9 pr\u00e9sent\u00e9e en live diff\u00e9r\u00e9.<br \/>\nLa &#8230;<\/p>\n<\/div>\n<p>Auteur:<br \/>\n<a href=\"https:\/\/www.leaders.com.tn\/article\/32946-la-chirurgie-tunisienne-mise-a-l-honneur-au-xxviiie-symposium-international-de-chirurgie-laparoscopique\">Cliquez ici pour lire l&rsquo;article depuis sa source.<\/a><\/p>\n","protected":false},"excerpt":{"rendered":"<p>Pr Dr Houcine Maghrebi &#8211; La Soci\u00e9t\u00e9 tunisienne de chirurgie Laparoscopique STCL a \u00e9t\u00e9 honor\u00e9e en organisant sa propre session au XXVIII\u00e8 Symposium International de chirurgie laparoscopique qui s&rsquo;est tenu au Palais des congr\u00e8s de Versailles les 27-28-29 Janvier 2022. Cette sollicitation constitue une fiert\u00e9 et une marque de reconnaissance pour la chirurgie Tunisienne. La [&hellip;]<\/p>\n","protected":false},"author":1772,"featured_media":0,"comment_status":"closed","ping_status":"closed","sticky":false,"template":"","format":"standard","meta":{"fifu_image_url":"http:\/\/www.leaders.com.tn\/uploads\/content\/thumbnails_small\/1644337053_article.jpg","fifu_image_alt":"<div>La chirurgie Tunisienne mise \u00e0 l'honneur au XXVIII\u00e8 Symposium International de chirurgie laparoscopique<\/div>","footnotes":""},"categories":[73,55],"tags":[],"class_list":["post-140337","post","type-post","status-publish","format-standard","hentry","category-actualite","category-tunisie"],"_links":{"self":[{"href":"https:\/\/linitiative.ca\/International\/wp-json\/wp\/v2\/posts\/140337","targetHints":{"allow":["GET"]}}],"collection":[{"href":"https:\/\/linitiative.ca\/International\/wp-json\/wp\/v2\/posts"}],"about":[{"href":"https:\/\/linitiative.ca\/International\/wp-json\/wp\/v2\/types\/post"}],"author":[{"embeddable":true,"href":"https:\/\/linitiative.ca\/International\/wp-json\/wp\/v2\/users\/1772"}],"replies":[{"embeddable":true,"href":"https:\/\/linitiative.ca\/International\/wp-json\/wp\/v2\/comments?post=140337"}],"version-history":[{"count":0,"href":"https:\/\/linitiative.ca\/International\/wp-json\/wp\/v2\/posts\/140337\/revisions"}],"wp:attachment":[{"href":"https:\/\/linitiative.ca\/International\/wp-json\/wp\/v2\/media?parent=140337"}],"wp:term":[{"taxonomy":"category","embeddable":true,"href":"https:\/\/linitiative.ca\/International\/wp-json\/wp\/v2\/categories?post=140337"},{"taxonomy":"post_tag","embeddable":true,"href":"https:\/\/linitiative.ca\/International\/wp-json\/wp\/v2\/tags?post=140337"}],"curies":[{"name":"wp","href":"https:\/\/api.w.org\/{rel}","templated":true}]}}