{"id":140342,"date":"2022-02-08T05:00:00","date_gmt":"2022-02-08T10:00:00","guid":{"rendered":"https:\/\/linitiative.ca\/International\/les-veterinaires-reclament-leurs-dus\/"},"modified":"2022-02-08T05:00:00","modified_gmt":"2022-02-08T10:00:00","slug":"les-veterinaires-reclament-leurs-dus","status":"publish","type":"post","link":"https:\/\/linitiative.ca\/International\/les-veterinaires-reclament-leurs-dus\/","title":{"rendered":"Les v\u00e9t\u00e9rinaires r\u00e9clament leurs dus"},"content":{"rendered":"<div>B\u00e9n\u00e9ficiaires d&rsquo;un mandat sanitaire les autorisant \u00e0 r\u00e9aliser, pour le compte de l\u2019Etat, les programmes de prophylaxie des maladies animales contagieuses, les v\u00e9t\u00e9rinaires priv\u00e9s n\u2019ont toujours pas \u00e9t\u00e9 r\u00e9mun\u00e9r\u00e9s pour les<\/div>\n<p>Auteur:<br \/>\n<a href=\"https:\/\/www.lesoirdalgerie.com\/periscoop\/les-veterinaires-reclament-leurs-dus-75027\">Cliquez ici pour lire l&rsquo;article depuis sa source.<\/a><\/p>\n","protected":false},"excerpt":{"rendered":"<p>B\u00e9n\u00e9ficiaires d&rsquo;un mandat sanitaire les autorisant \u00e0 r\u00e9aliser, pour le compte de l\u2019Etat, les programmes de prophylaxie des maladies animales contagieuses, les v\u00e9t\u00e9rinaires priv\u00e9s n\u2019ont toujours pas \u00e9t\u00e9 r\u00e9mun\u00e9r\u00e9s pour les Auteur: Cliquez ici pour lire l&rsquo;article depuis sa source.<\/p>\n","protected":false},"author":1741,"featured_media":0,"comment_status":"closed","ping_status":"closed","sticky":false,"template":"","format":"standard","meta":{"fifu_image_url":"","fifu_image_alt":"","footnotes":""},"categories":[73,53],"tags":[],"class_list":["post-140342","post","type-post","status-publish","format-standard","hentry","category-actualite","category-algerie"],"_links":{"self":[{"href":"https:\/\/linitiative.ca\/International\/wp-json\/wp\/v2\/posts\/140342","targetHints":{"allow":["GET"]}}],"collection":[{"href":"https:\/\/linitiative.ca\/International\/wp-json\/wp\/v2\/posts"}],"about":[{"href":"https:\/\/linitiative.ca\/International\/wp-json\/wp\/v2\/types\/post"}],"author":[{"embeddable":true,"href":"https:\/\/linitiative.ca\/International\/wp-json\/wp\/v2\/users\/1741"}],"replies":[{"embeddable":true,"href":"https:\/\/linitiative.ca\/International\/wp-json\/wp\/v2\/comments?post=140342"}],"version-history":[{"count":0,"href":"https:\/\/linitiative.ca\/International\/wp-json\/wp\/v2\/posts\/140342\/revisions"}],"wp:attachment":[{"href":"https:\/\/linitiative.ca\/International\/wp-json\/wp\/v2\/media?parent=140342"}],"wp:term":[{"taxonomy":"category","embeddable":true,"href":"https:\/\/linitiative.ca\/International\/wp-json\/wp\/v2\/categories?post=140342"},{"taxonomy":"post_tag","embeddable":true,"href":"https:\/\/linitiative.ca\/International\/wp-json\/wp\/v2\/tags?post=140342"}],"curies":[{"name":"wp","href":"https:\/\/api.w.org\/{rel}","templated":true}]}}