{"id":140344,"date":"2022-02-08T07:10:22","date_gmt":"2022-02-08T12:10:22","guid":{"rendered":"https:\/\/linitiative.ca\/International\/le-maroc-marque-des-points-en-fruits-rouges-contre-lespagne\/"},"modified":"2022-02-08T07:10:22","modified_gmt":"2022-02-08T12:10:22","slug":"le-maroc-marque-des-points-en-fruits-rouges-contre-lespagne","status":"publish","type":"post","link":"https:\/\/linitiative.ca\/International\/le-maroc-marque-des-points-en-fruits-rouges-contre-lespagne\/","title":{"rendered":"Le Maroc marque des points en fruits rouges contre l\u2019Espagne"},"content":{"rendered":"<div><img decoding=\"async\" width=\"999\" height=\"545\" src=\"https:\/\/linitiative.ca\/International\/wp-content\/uploads\/sites\/23\/2022\/02\/fruta-blanda-marruecos-para-conquistar-mercado-extranjero-1.jpg\" class=\"attachment-post-thumbnail size-post-thumbnail wp-post-image\" alt=\"\" loading=\"lazy\" srcset=\"https:\/\/linitiative.ca\/International\/wp-content\/uploads\/sites\/23\/2022\/02\/fruta-blanda-marruecos-para-conquistar-mercado-extranjero-1.jpg 999w, https:\/\/www.challenge.ma\/wp-content\/uploads\/2022\/01\/fruta-blanda-marruecos-para-conquistar-mercado-extranjero-1-300x164.jpg 300w, https:\/\/www.challenge.ma\/wp-content\/uploads\/2022\/01\/fruta-blanda-marruecos-para-conquistar-mercado-extranjero-1-768x419.jpg 768w, https:\/\/www.challenge.ma\/wp-content\/uploads\/2022\/01\/fruta-blanda-marruecos-para-conquistar-mercado-extranjero-1-360x196.jpg 360w, https:\/\/www.challenge.ma\/wp-content\/uploads\/2022\/01\/fruta-blanda-marruecos-para-conquistar-mercado-extranjero-1-750x409.jpg 750w\" sizes=\"auto, (max-width: 999px) 100vw, 999px\" itemprop=\"image\">Le Maroc continue de gagner des points dans la bataille des fruits rouges. En effet, la superficie consacr\u00e9e \u00e0 la framboise en Espagne a encore une fois baiss\u00e9 en 2021 \u00e0 cause d\u2019un d\u00e9placement de la production vers le Royaume et accessoirement vers le Portugal. Cette fois-ci, c\u2019est 8% de<\/div>\n<p>Auteur: challenge<br \/>\n<a href=\"https:\/\/www.challenge.ma\/le-maroc-marque-des-points-en-fruits-rouges-contre-lespagne-231618\/\">Cliquez ici pour lire l&rsquo;article depuis sa source.<\/a><\/p>\n","protected":false},"excerpt":{"rendered":"<p>Le Maroc continue de gagner des points dans la bataille des fruits rouges. En effet, la superficie consacr\u00e9e \u00e0 la framboise en Espagne a encore une fois baiss\u00e9 en 2021 \u00e0 cause d\u2019un d\u00e9placement de la production vers le Royaume et accessoirement vers le Portugal. Cette fois-ci, c\u2019est 8% de Auteur: challenge Cliquez ici pour [&hellip;]<\/p>\n","protected":false},"author":1787,"featured_media":0,"comment_status":"closed","ping_status":"closed","sticky":false,"template":"","format":"standard","meta":{"fifu_image_url":"https:\/\/www.challenge.ma\/wp-content\/uploads\/2022\/01\/fruta-blanda-marruecos-para-conquistar-mercado-extranjero-1.jpg","fifu_image_alt":"Le Maroc marque des points en fruits rouges contre l\u2019Espagne","footnotes":""},"categories":[78,54],"tags":[],"class_list":["post-140344","post","type-post","status-publish","format-standard","hentry","category-economie","category-maroc"],"_links":{"self":[{"href":"https:\/\/linitiative.ca\/International\/wp-json\/wp\/v2\/posts\/140344","targetHints":{"allow":["GET"]}}],"collection":[{"href":"https:\/\/linitiative.ca\/International\/wp-json\/wp\/v2\/posts"}],"about":[{"href":"https:\/\/linitiative.ca\/International\/wp-json\/wp\/v2\/types\/post"}],"author":[{"embeddable":true,"href":"https:\/\/linitiative.ca\/International\/wp-json\/wp\/v2\/users\/1787"}],"replies":[{"embeddable":true,"href":"https:\/\/linitiative.ca\/International\/wp-json\/wp\/v2\/comments?post=140344"}],"version-history":[{"count":0,"href":"https:\/\/linitiative.ca\/International\/wp-json\/wp\/v2\/posts\/140344\/revisions"}],"wp:attachment":[{"href":"https:\/\/linitiative.ca\/International\/wp-json\/wp\/v2\/media?parent=140344"}],"wp:term":[{"taxonomy":"category","embeddable":true,"href":"https:\/\/linitiative.ca\/International\/wp-json\/wp\/v2\/categories?post=140344"},{"taxonomy":"post_tag","embeddable":true,"href":"https:\/\/linitiative.ca\/International\/wp-json\/wp\/v2\/tags?post=140344"}],"curies":[{"name":"wp","href":"https:\/\/api.w.org\/{rel}","templated":true}]}}