{"id":140346,"date":"2022-02-08T08:35:39","date_gmt":"2022-02-08T13:35:39","guid":{"rendered":"https:\/\/linitiative.ca\/International\/covid-19-la-france-va-supprimer-les-tests-pcr-aux-frontieres\/"},"modified":"2022-02-08T08:35:39","modified_gmt":"2022-02-08T13:35:39","slug":"covid-19-la-france-va-supprimer-les-tests-pcr-aux-frontieres","status":"publish","type":"post","link":"https:\/\/linitiative.ca\/International\/covid-19-la-france-va-supprimer-les-tests-pcr-aux-frontieres\/","title":{"rendered":"Covid-19. La France va supprimer les tests PCR aux fronti\u00e8res"},"content":{"rendered":"<div><img decoding=\"async\" width=\"1280\" height=\"720\" src=\"https:\/\/linitiative.ca\/International\/wp-content\/uploads\/sites\/23\/2022\/02\/0611147906807-web-tete.jpg\" class=\"attachment-post-thumbnail size-post-thumbnail wp-post-image\" alt=\"\" loading=\"lazy\" srcset=\"https:\/\/linitiative.ca\/International\/wp-content\/uploads\/sites\/23\/2022\/02\/0611147906807-web-tete.jpg 1280w, https:\/\/www.challenge.ma\/wp-content\/uploads\/2022\/02\/0611147906807-web-tete-300x169.jpg 300w, https:\/\/www.challenge.ma\/wp-content\/uploads\/2022\/02\/0611147906807-web-tete-1024x576.jpg 1024w, https:\/\/www.challenge.ma\/wp-content\/uploads\/2022\/02\/0611147906807-web-tete-768x432.jpg 768w, https:\/\/www.challenge.ma\/wp-content\/uploads\/2022\/02\/0611147906807-web-tete-360x203.jpg 360w, https:\/\/www.challenge.ma\/wp-content\/uploads\/2022\/02\/0611147906807-web-tete-750x422.jpg 750w\" sizes=\"auto, (max-width: 1280px) 100vw, 1280px\" itemprop=\"image\">C\u2019est act\u00e9. La France va lever sous peu les tests aux fronti\u00e8res pour les voyageurs vaccin\u00e9s. En effet, quel que soit le pays d\u2019origine, il ne sera bient\u00f4t plus n\u00e9cessaire de pr\u00e9senter un test n\u00e9gatif \u00e0 l\u2019arriv\u00e9e dans le pays. Encore faut-il \u00eatre compl\u00e8tement vaccin\u00e9 contre la covid-19. D\u2019ici une<\/div>\n<p>Auteur: challenge<br \/>\n<a href=\"https:\/\/www.challenge.ma\/covid-19-la-france-va-supprimer-les-tests-pcr-aux-frontieres-232235\/\">Cliquez ici pour lire l&rsquo;article depuis sa source.<\/a><\/p>\n","protected":false},"excerpt":{"rendered":"<p>C\u2019est act\u00e9. La France va lever sous peu les tests aux fronti\u00e8res pour les voyageurs vaccin\u00e9s. En effet, quel que soit le pays d\u2019origine, il ne sera bient\u00f4t plus n\u00e9cessaire de pr\u00e9senter un test n\u00e9gatif \u00e0 l\u2019arriv\u00e9e dans le pays. Encore faut-il \u00eatre compl\u00e8tement vaccin\u00e9 contre la covid-19. D\u2019ici une Auteur: challenge Cliquez ici pour [&hellip;]<\/p>\n","protected":false},"author":1787,"featured_media":0,"comment_status":"closed","ping_status":"closed","sticky":false,"template":"","format":"standard","meta":{"fifu_image_url":"https:\/\/www.challenge.ma\/wp-content\/uploads\/2022\/02\/0611147906807-web-tete.jpg","fifu_image_alt":"Covid-19. La France va supprimer les tests PCR aux fronti\u00e8res","footnotes":""},"categories":[78,54],"tags":[],"class_list":["post-140346","post","type-post","status-publish","format-standard","hentry","category-economie","category-maroc"],"_links":{"self":[{"href":"https:\/\/linitiative.ca\/International\/wp-json\/wp\/v2\/posts\/140346","targetHints":{"allow":["GET"]}}],"collection":[{"href":"https:\/\/linitiative.ca\/International\/wp-json\/wp\/v2\/posts"}],"about":[{"href":"https:\/\/linitiative.ca\/International\/wp-json\/wp\/v2\/types\/post"}],"author":[{"embeddable":true,"href":"https:\/\/linitiative.ca\/International\/wp-json\/wp\/v2\/users\/1787"}],"replies":[{"embeddable":true,"href":"https:\/\/linitiative.ca\/International\/wp-json\/wp\/v2\/comments?post=140346"}],"version-history":[{"count":0,"href":"https:\/\/linitiative.ca\/International\/wp-json\/wp\/v2\/posts\/140346\/revisions"}],"wp:attachment":[{"href":"https:\/\/linitiative.ca\/International\/wp-json\/wp\/v2\/media?parent=140346"}],"wp:term":[{"taxonomy":"category","embeddable":true,"href":"https:\/\/linitiative.ca\/International\/wp-json\/wp\/v2\/categories?post=140346"},{"taxonomy":"post_tag","embeddable":true,"href":"https:\/\/linitiative.ca\/International\/wp-json\/wp\/v2\/tags?post=140346"}],"curies":[{"name":"wp","href":"https:\/\/api.w.org\/{rel}","templated":true}]}}