{"id":140348,"date":"2022-02-08T09:49:52","date_gmt":"2022-02-08T14:49:52","guid":{"rendered":"https:\/\/linitiative.ca\/International\/une-premiere-usine-de-batteries-electriques-au-maroc\/"},"modified":"2022-02-08T09:49:52","modified_gmt":"2022-02-08T14:49:52","slug":"une-premiere-usine-de-batteries-electriques-au-maroc","status":"publish","type":"post","link":"https:\/\/linitiative.ca\/International\/une-premiere-usine-de-batteries-electriques-au-maroc\/","title":{"rendered":"Une premi\u00e8re usine de batteries \u00e9lectriques au Maroc"},"content":{"rendered":"<div><img decoding=\"async\" width=\"894\" height=\"560\" src=\"https:\/\/linitiative.ca\/International\/wp-content\/uploads\/sites\/23\/2022\/02\/VOITURE-1024x560-1.jpg\" class=\"attachment-post-thumbnail size-post-thumbnail wp-post-image\" alt=\"\" loading=\"lazy\" srcset=\"https:\/\/linitiative.ca\/International\/wp-content\/uploads\/sites\/23\/2022\/02\/VOITURE-1024x560-1.jpg 894w, https:\/\/www.challenge.ma\/wp-content\/uploads\/2022\/02\/VOITURE-1024x560-1-300x188.jpg 300w, https:\/\/www.challenge.ma\/wp-content\/uploads\/2022\/02\/VOITURE-1024x560-1-768x481.jpg 768w, https:\/\/www.challenge.ma\/wp-content\/uploads\/2022\/02\/VOITURE-1024x560-1-360x226.jpg 360w, https:\/\/www.challenge.ma\/wp-content\/uploads\/2022\/02\/VOITURE-1024x560-1-750x470.jpg 750w\" sizes=\"auto, (max-width: 894px) 100vw, 894px\" itemprop=\"image\">Tel qu\u2019on l\u2019avait pronostiqu\u00e9 sur ces colonnes il y a quelques mois, (Voir article \u00abLe Maroc peut produire des composants de la voiture \u00e9lectrique\u00bb du 12 juin 2021), le Maroc s\u2019appr\u00eate \u00e0 faire ses premiers pas industriels dans la cha\u00eene de production de l\u2019automobile \u00e9lectrique. En effet, la Marocaine Industrielle<\/div>\n<p>Auteur: challenge<br \/>\n<a href=\"https:\/\/www.challenge.ma\/une-premiere-usine-de-batteries-electriques-au-maroc-231980\/\">Cliquez ici pour lire l&rsquo;article depuis sa source.<\/a><\/p>\n","protected":false},"excerpt":{"rendered":"<p>Tel qu\u2019on l\u2019avait pronostiqu\u00e9 sur ces colonnes il y a quelques mois, (Voir article \u00abLe Maroc peut produire des composants de la voiture \u00e9lectrique\u00bb du 12 juin 2021), le Maroc s\u2019appr\u00eate \u00e0 faire ses premiers pas industriels dans la cha\u00eene de production de l\u2019automobile \u00e9lectrique. En effet, la Marocaine Industrielle Auteur: challenge Cliquez ici pour [&hellip;]<\/p>\n","protected":false},"author":1787,"featured_media":0,"comment_status":"closed","ping_status":"closed","sticky":false,"template":"","format":"standard","meta":{"fifu_image_url":"https:\/\/www.challenge.ma\/wp-content\/uploads\/2022\/02\/VOITURE-1024x560-1.jpg","fifu_image_alt":"Une premi\u00e8re usine de batteries \u00e9lectriques au Maroc","footnotes":""},"categories":[78,54],"tags":[],"class_list":["post-140348","post","type-post","status-publish","format-standard","hentry","category-economie","category-maroc"],"_links":{"self":[{"href":"https:\/\/linitiative.ca\/International\/wp-json\/wp\/v2\/posts\/140348","targetHints":{"allow":["GET"]}}],"collection":[{"href":"https:\/\/linitiative.ca\/International\/wp-json\/wp\/v2\/posts"}],"about":[{"href":"https:\/\/linitiative.ca\/International\/wp-json\/wp\/v2\/types\/post"}],"author":[{"embeddable":true,"href":"https:\/\/linitiative.ca\/International\/wp-json\/wp\/v2\/users\/1787"}],"replies":[{"embeddable":true,"href":"https:\/\/linitiative.ca\/International\/wp-json\/wp\/v2\/comments?post=140348"}],"version-history":[{"count":0,"href":"https:\/\/linitiative.ca\/International\/wp-json\/wp\/v2\/posts\/140348\/revisions"}],"wp:attachment":[{"href":"https:\/\/linitiative.ca\/International\/wp-json\/wp\/v2\/media?parent=140348"}],"wp:term":[{"taxonomy":"category","embeddable":true,"href":"https:\/\/linitiative.ca\/International\/wp-json\/wp\/v2\/categories?post=140348"},{"taxonomy":"post_tag","embeddable":true,"href":"https:\/\/linitiative.ca\/International\/wp-json\/wp\/v2\/tags?post=140348"}],"curies":[{"name":"wp","href":"https:\/\/api.w.org\/{rel}","templated":true}]}}