{"id":140352,"date":"2022-02-08T12:53:29","date_gmt":"2022-02-08T17:53:29","guid":{"rendered":"https:\/\/linitiative.ca\/International\/hakim-ziyech-annonce-sa-retraite-internationale\/"},"modified":"2022-02-08T12:53:29","modified_gmt":"2022-02-08T17:53:29","slug":"hakim-ziyech-annonce-sa-retraite-internationale","status":"publish","type":"post","link":"https:\/\/linitiative.ca\/International\/hakim-ziyech-annonce-sa-retraite-internationale\/","title":{"rendered":"Hakim Ziyech annonce sa retraite internationale"},"content":{"rendered":"<div><img decoding=\"async\" width=\"828\" height=\"552\" src=\"https:\/\/linitiative.ca\/International\/wp-content\/uploads\/sites\/23\/2022\/02\/ziyech-1.jpg\" class=\"attachment-post-thumbnail size-post-thumbnail wp-post-image\" alt=\"\" loading=\"lazy\" srcset=\"https:\/\/linitiative.ca\/International\/wp-content\/uploads\/sites\/23\/2022\/02\/ziyech-1.jpg 828w, https:\/\/www.challenge.ma\/wp-content\/uploads\/2022\/02\/ziyech-1-300x200.jpg 300w, https:\/\/www.challenge.ma\/wp-content\/uploads\/2022\/02\/ziyech-1-768x512.jpg 768w, https:\/\/www.challenge.ma\/wp-content\/uploads\/2022\/02\/ziyech-1-360x240.jpg 360w, https:\/\/www.challenge.ma\/wp-content\/uploads\/2022\/02\/ziyech-1-750x500.jpg 750w\" sizes=\"auto, (max-width: 828px) 100vw, 828px\" itemprop=\"image\">Quelques jours apr\u00e8s la d\u00e9b\u00e2cle des Lions de l\u2019Atlas \u00e0 la CAN et \u00e0 quelques semaines d\u2019un rendez-vous d\u00e9cisif pour notre \u00e9quipe nationale, Hakim Ziyech vient d\u2019annoncer sa retraite internationale. Une nouvelle qui fera pas taire les diff\u00e9rentes critiques que re\u00e7oit l\u2019\u00e9quipe nationale ces derniers jours. Interrog\u00e9 par la cha\u00eene\u00a0AD<\/div>\n<p>Auteur: challenge<br \/>\n<a href=\"https:\/\/www.challenge.ma\/hakim-ziyech-annonce-sa-retraite-internationale-232248\/\">Cliquez ici pour lire l&rsquo;article depuis sa source.<\/a><\/p>\n","protected":false},"excerpt":{"rendered":"<p>Quelques jours apr\u00e8s la d\u00e9b\u00e2cle des Lions de l\u2019Atlas \u00e0 la CAN et \u00e0 quelques semaines d\u2019un rendez-vous d\u00e9cisif pour notre \u00e9quipe nationale, Hakim Ziyech vient d\u2019annoncer sa retraite internationale. Une nouvelle qui fera pas taire les diff\u00e9rentes critiques que re\u00e7oit l\u2019\u00e9quipe nationale ces derniers jours. Interrog\u00e9 par la cha\u00eene\u00a0AD Auteur: challenge Cliquez ici pour [&hellip;]<\/p>\n","protected":false},"author":1787,"featured_media":0,"comment_status":"closed","ping_status":"closed","sticky":false,"template":"","format":"standard","meta":{"fifu_image_url":"https:\/\/www.challenge.ma\/wp-content\/uploads\/2022\/02\/ziyech-1.jpg","fifu_image_alt":"Hakim Ziyech annonce sa retraite internationale","footnotes":""},"categories":[78,54],"tags":[],"class_list":["post-140352","post","type-post","status-publish","format-standard","hentry","category-economie","category-maroc"],"_links":{"self":[{"href":"https:\/\/linitiative.ca\/International\/wp-json\/wp\/v2\/posts\/140352","targetHints":{"allow":["GET"]}}],"collection":[{"href":"https:\/\/linitiative.ca\/International\/wp-json\/wp\/v2\/posts"}],"about":[{"href":"https:\/\/linitiative.ca\/International\/wp-json\/wp\/v2\/types\/post"}],"author":[{"embeddable":true,"href":"https:\/\/linitiative.ca\/International\/wp-json\/wp\/v2\/users\/1787"}],"replies":[{"embeddable":true,"href":"https:\/\/linitiative.ca\/International\/wp-json\/wp\/v2\/comments?post=140352"}],"version-history":[{"count":0,"href":"https:\/\/linitiative.ca\/International\/wp-json\/wp\/v2\/posts\/140352\/revisions"}],"wp:attachment":[{"href":"https:\/\/linitiative.ca\/International\/wp-json\/wp\/v2\/media?parent=140352"}],"wp:term":[{"taxonomy":"category","embeddable":true,"href":"https:\/\/linitiative.ca\/International\/wp-json\/wp\/v2\/categories?post=140352"},{"taxonomy":"post_tag","embeddable":true,"href":"https:\/\/linitiative.ca\/International\/wp-json\/wp\/v2\/tags?post=140352"}],"curies":[{"name":"wp","href":"https:\/\/api.w.org\/{rel}","templated":true}]}}