{"id":140355,"date":"2022-02-08T16:21:13","date_gmt":"2022-02-08T21:21:13","guid":{"rendered":"https:\/\/linitiative.ca\/International\/tunisie-tunisair-renforce-sa-flotte-par-lacquisition-du-nouvel-avion-sbeitla\/"},"modified":"2022-02-08T16:21:13","modified_gmt":"2022-02-08T21:21:13","slug":"tunisie-tunisair-renforce-sa-flotte-par-lacquisition-du-nouvel-avion-sbeitla","status":"publish","type":"post","link":"https:\/\/linitiative.ca\/International\/tunisie-tunisair-renforce-sa-flotte-par-lacquisition-du-nouvel-avion-sbeitla\/","title":{"rendered":"Tunisie : Tunisair renforce sa flotte par l\u2019acquisition du nouvel avion \u00ab Sbeitla \u00bb"},"content":{"rendered":"<div>\n<p>Dans le cadre de son nouveau programme d\u2019acquisition, Tunisair devrait recevoir le jeudi 10 f\u00e9vrier 2022 un nouvel A320 neo baptis\u00e9 \u00ab Sbeitla \u00bb pour renforcer sa flotte et d\u00e9velopper davantage ses services. A cette occasion, une rencontre m\u00e9diatique sera organis\u00e9e sous la supervision du pr\u00e9sident Directeur G\u00e9n\u00e9ral de Tunisair, Khaled Chelly.<\/p>\n<p>L\u2019article <a href=\"https:\/\/www.tunisienumerique.com\/tunisie-tunisair-renforce-sa-flotte-par-lacquisition-du-nouvel-avion-sbeitla\/\">Tunisie : Tunisair renforce sa flotte par l\u2019acquisition du nouvel avion \u00ab Sbeitla \u00bb<\/a> est apparu en premier sur <a href=\"https:\/\/www.tunisienumerique.com\/\">Tunisie<\/a>.<\/p>\n<\/div>\n<p>Auteur: rania ben slimane<br \/>\n<a href=\"https:\/\/www.tunisienumerique.com\/tunisie-tunisair-renforce-sa-flotte-par-lacquisition-du-nouvel-avion-sbeitla\/\">Cliquez ici pour lire l&rsquo;article depuis sa source.<\/a><\/p>\n","protected":false},"excerpt":{"rendered":"<p>Dans le cadre de son nouveau programme d\u2019acquisition, Tunisair devrait recevoir le jeudi 10 f\u00e9vrier 2022 un nouvel A320 neo baptis\u00e9 \u00ab Sbeitla \u00bb pour renforcer sa flotte et d\u00e9velopper davantage ses services. A cette occasion, une rencontre m\u00e9diatique sera organis\u00e9e sous la supervision du pr\u00e9sident Directeur G\u00e9n\u00e9ral de Tunisair, Khaled Chelly. L\u2019article Tunisie : [&hellip;]<\/p>\n","protected":false},"author":1789,"featured_media":0,"comment_status":"closed","ping_status":"closed","sticky":false,"template":"","format":"standard","meta":{"fifu_image_url":"","fifu_image_alt":"","footnotes":""},"categories":[73,55],"tags":[],"class_list":["post-140355","post","type-post","status-publish","format-standard","hentry","category-actualite","category-tunisie"],"_links":{"self":[{"href":"https:\/\/linitiative.ca\/International\/wp-json\/wp\/v2\/posts\/140355","targetHints":{"allow":["GET"]}}],"collection":[{"href":"https:\/\/linitiative.ca\/International\/wp-json\/wp\/v2\/posts"}],"about":[{"href":"https:\/\/linitiative.ca\/International\/wp-json\/wp\/v2\/types\/post"}],"author":[{"embeddable":true,"href":"https:\/\/linitiative.ca\/International\/wp-json\/wp\/v2\/users\/1789"}],"replies":[{"embeddable":true,"href":"https:\/\/linitiative.ca\/International\/wp-json\/wp\/v2\/comments?post=140355"}],"version-history":[{"count":0,"href":"https:\/\/linitiative.ca\/International\/wp-json\/wp\/v2\/posts\/140355\/revisions"}],"wp:attachment":[{"href":"https:\/\/linitiative.ca\/International\/wp-json\/wp\/v2\/media?parent=140355"}],"wp:term":[{"taxonomy":"category","embeddable":true,"href":"https:\/\/linitiative.ca\/International\/wp-json\/wp\/v2\/categories?post=140355"},{"taxonomy":"post_tag","embeddable":true,"href":"https:\/\/linitiative.ca\/International\/wp-json\/wp\/v2\/tags?post=140355"}],"curies":[{"name":"wp","href":"https:\/\/api.w.org\/{rel}","templated":true}]}}