{"id":140357,"date":"2022-02-08T17:07:19","date_gmt":"2022-02-08T22:07:19","guid":{"rendered":"https:\/\/linitiative.ca\/International\/tunisie-ben-guerdane-photos-saisie-de-2900kg-de-chorba-subventionnee\/"},"modified":"2022-02-08T17:07:19","modified_gmt":"2022-02-08T22:07:19","slug":"tunisie-ben-guerdane-photos-saisie-de-2900kg-de-chorba-subventionnee","status":"publish","type":"post","link":"https:\/\/linitiative.ca\/International\/tunisie-ben-guerdane-photos-saisie-de-2900kg-de-chorba-subventionnee\/","title":{"rendered":"Tunisie-Ben Guerdane [PHOTOS] : Saisie de 2900kg de \u201cChorba\u201d subventionn\u00e9e"},"content":{"rendered":"<div>\n<p>La Division du Contr\u00f4le Economique et la Division de la Circulation de la Garde Nationale \u00e0 Ben Guerdane aujourd\u2019hui 8 f\u00e9vrier 202, ont r\u00e9ussi \u00e0 arr\u00eater un poids lourd dans le cadre d\u2019une patrouille permanente \u00e0 l\u2019intersection de l\u2019autoroute. Apr\u00e8s avoir demand\u00e9 les papiers du v\u00e9hicule \u00e0 son chauffeur, il a montr\u00e9 des signes de [\u2026]<\/p>\n<p>L\u2019article <a href=\"https:\/\/www.tunisienumerique.com\/tunisie-ben-guerdane-photos-saisie-de-2900kg-de-chorba-subventionnee\/\">Tunisie-Ben Guerdane [PHOTOS] : Saisie de 2900kg de \u201cChorba\u201d subventionn\u00e9e<\/a> est apparu en premier sur <a href=\"https:\/\/www.tunisienumerique.com\/\">Tunisie<\/a>.<\/p>\n<\/div>\n<p>Auteur: rania ben slimane<br \/>\n<a href=\"https:\/\/www.tunisienumerique.com\/tunisie-ben-guerdane-photos-saisie-de-2900kg-de-chorba-subventionnee\/\">Cliquez ici pour lire l&rsquo;article depuis sa source.<\/a><\/p>\n","protected":false},"excerpt":{"rendered":"<p>La Division du Contr\u00f4le Economique et la Division de la Circulation de la Garde Nationale \u00e0 Ben Guerdane aujourd\u2019hui 8 f\u00e9vrier 202, ont r\u00e9ussi \u00e0 arr\u00eater un poids lourd dans le cadre d\u2019une patrouille permanente \u00e0 l\u2019intersection de l\u2019autoroute. Apr\u00e8s avoir demand\u00e9 les papiers du v\u00e9hicule \u00e0 son chauffeur, il a montr\u00e9 des signes de [&hellip;]<\/p>\n","protected":false},"author":1789,"featured_media":0,"comment_status":"closed","ping_status":"closed","sticky":false,"template":"","format":"standard","meta":{"fifu_image_url":"","fifu_image_alt":"","footnotes":""},"categories":[73,55],"tags":[],"class_list":["post-140357","post","type-post","status-publish","format-standard","hentry","category-actualite","category-tunisie"],"_links":{"self":[{"href":"https:\/\/linitiative.ca\/International\/wp-json\/wp\/v2\/posts\/140357","targetHints":{"allow":["GET"]}}],"collection":[{"href":"https:\/\/linitiative.ca\/International\/wp-json\/wp\/v2\/posts"}],"about":[{"href":"https:\/\/linitiative.ca\/International\/wp-json\/wp\/v2\/types\/post"}],"author":[{"embeddable":true,"href":"https:\/\/linitiative.ca\/International\/wp-json\/wp\/v2\/users\/1789"}],"replies":[{"embeddable":true,"href":"https:\/\/linitiative.ca\/International\/wp-json\/wp\/v2\/comments?post=140357"}],"version-history":[{"count":0,"href":"https:\/\/linitiative.ca\/International\/wp-json\/wp\/v2\/posts\/140357\/revisions"}],"wp:attachment":[{"href":"https:\/\/linitiative.ca\/International\/wp-json\/wp\/v2\/media?parent=140357"}],"wp:term":[{"taxonomy":"category","embeddable":true,"href":"https:\/\/linitiative.ca\/International\/wp-json\/wp\/v2\/categories?post=140357"},{"taxonomy":"post_tag","embeddable":true,"href":"https:\/\/linitiative.ca\/International\/wp-json\/wp\/v2\/tags?post=140357"}],"curies":[{"name":"wp","href":"https:\/\/api.w.org\/{rel}","templated":true}]}}