{"id":140359,"date":"2022-02-08T14:10:17","date_gmt":"2022-02-08T19:10:17","guid":{"rendered":"https:\/\/linitiative.ca\/International\/requisitions-dans-laffaire-thomas-sankara-lheure-de-verite-approche\/"},"modified":"2022-02-08T14:10:17","modified_gmt":"2022-02-08T19:10:17","slug":"requisitions-dans-laffaire-thomas-sankara-lheure-de-verite-approche","status":"publish","type":"post","link":"https:\/\/linitiative.ca\/International\/requisitions-dans-laffaire-thomas-sankara-lheure-de-verite-approche\/","title":{"rendered":"REQUISITIONS DANS L\u2019AFFAIRE THOMAS SANKARA: L\u2019heure de v\u00e9rit\u00e9 approche"},"content":{"rendered":"<div>\n<p><img decoding=\"async\" width=\"640\" height=\"419\" src=\"https:\/\/linitiative.ca\/International\/wp-content\/uploads\/sites\/23\/2022\/02\/120999613_gettyimages-541785178-1.jpg\" class=\"attachment- size- wp-post-image\" alt=\"\" loading=\"lazy\" style=\"float:left; margin:0 15px 15px 0;\" srcset=\"https:\/\/linitiative.ca\/International\/wp-content\/uploads\/sites\/23\/2022\/02\/120999613_gettyimages-541785178-1.jpg 640w, http:\/\/lepays.bf\/wp-content\/uploads\/2022\/02\/120999613_gettyimages-541785178-1-300x196.jpg 300w\" sizes=\"auto, (max-width: 640px) 100vw, 640px\">Au terme d\u2019un long r\u00e9quisitoire, le parquet militaire a requis de lourdes peines contre la plupart des quatorze accus\u00e9s dans l\u2019assassinat de Thomas Sankara et de ses douze camarades. Les deux principaux accus\u00e9s dans cette affaire de d\u00e9chainement de violence inou\u00efe au Conseil de l\u2019entente le 15 octobre 1987 que sont Blaise Compaor\u00e9 et Hyacinthe \u2026<\/p>\n<p>L\u2019article <a rel=\"nofollow\" href=\"http:\/\/lepays.bf\/requisitions-dans-laffaire-thomas-sankara-lheure-de-verite-approche\/\">REQUISITIONS DANS L\u2019AFFAIRE THOMAS SANKARA: L\u2019heure de v\u00e9rit\u00e9 approche<\/a> est apparu en premier sur <a rel=\"nofollow\" href=\"http:\/\/lepays.bf\/\">Editions Le Pays<\/a>.<\/p>\n<\/div>\n<p>Auteur: Editions LEPAYS<br \/>\n<a href=\"https:\/\/lepays.bf\/requisitions-dans-laffaire-thomas-sankara-lheure-de-verite-approche\/\">Cliquez ici pour lire l&rsquo;article depuis sa source.<\/a><\/p>\n","protected":false},"excerpt":{"rendered":"<p>Au terme d\u2019un long r\u00e9quisitoire, le parquet militaire a requis de lourdes peines contre la plupart des quatorze accus\u00e9s dans l\u2019assassinat de Thomas Sankara et de ses douze camarades. Les deux principaux accus\u00e9s dans cette affaire de d\u00e9chainement de violence inou\u00efe au Conseil de l\u2019entente le 15 octobre 1987 que sont Blaise Compaor\u00e9 et Hyacinthe [&hellip;]<\/p>\n","protected":false},"author":1813,"featured_media":0,"comment_status":"closed","ping_status":"closed","sticky":false,"template":"","format":"standard","meta":{"fifu_image_url":"http:\/\/lepays.bf\/wp-content\/uploads\/2022\/02\/120999613_gettyimages-541785178-1.jpg","fifu_image_alt":"REQUISITIONS DANS L\u2019AFFAIRE THOMAS SANKARA: L\u2019heure de v\u00e9rit\u00e9 approche","footnotes":""},"categories":[73,81],"tags":[],"class_list":["post-140359","post","type-post","status-publish","format-standard","hentry","category-actualite","category-burkina-faso"],"_links":{"self":[{"href":"https:\/\/linitiative.ca\/International\/wp-json\/wp\/v2\/posts\/140359","targetHints":{"allow":["GET"]}}],"collection":[{"href":"https:\/\/linitiative.ca\/International\/wp-json\/wp\/v2\/posts"}],"about":[{"href":"https:\/\/linitiative.ca\/International\/wp-json\/wp\/v2\/types\/post"}],"author":[{"embeddable":true,"href":"https:\/\/linitiative.ca\/International\/wp-json\/wp\/v2\/users\/1813"}],"replies":[{"embeddable":true,"href":"https:\/\/linitiative.ca\/International\/wp-json\/wp\/v2\/comments?post=140359"}],"version-history":[{"count":0,"href":"https:\/\/linitiative.ca\/International\/wp-json\/wp\/v2\/posts\/140359\/revisions"}],"wp:attachment":[{"href":"https:\/\/linitiative.ca\/International\/wp-json\/wp\/v2\/media?parent=140359"}],"wp:term":[{"taxonomy":"category","embeddable":true,"href":"https:\/\/linitiative.ca\/International\/wp-json\/wp\/v2\/categories?post=140359"},{"taxonomy":"post_tag","embeddable":true,"href":"https:\/\/linitiative.ca\/International\/wp-json\/wp\/v2\/tags?post=140359"}],"curies":[{"name":"wp","href":"https:\/\/api.w.org\/{rel}","templated":true}]}}