{"id":140363,"date":"2022-02-08T09:56:39","date_gmt":"2022-02-08T14:56:39","guid":{"rendered":"https:\/\/linitiative.ca\/International\/burkina-les-ministres-du-dernier-gouvernement-de-roch-kabore-ont-72-heures-pour-remettre-leurs-vehicules-de-fonction\/"},"modified":"2022-02-08T09:56:39","modified_gmt":"2022-02-08T14:56:39","slug":"burkina-les-ministres-du-dernier-gouvernement-de-roch-kabore-ont-72-heures-pour-remettre-leurs-vehicules-de-fonction","status":"publish","type":"post","link":"https:\/\/linitiative.ca\/International\/burkina-les-ministres-du-dernier-gouvernement-de-roch-kabore-ont-72-heures-pour-remettre-leurs-vehicules-de-fonction\/","title":{"rendered":"Burkina\u00a0: les ministres du dernier gouvernement de Roch Kabor\u00e9 ont 72 heures pour remettre leurs v\u00e9hicules de fonction"},"content":{"rendered":"<div>\n<p>Le Pr\u00e9sident du Faso, Lieutenant-colonel Paul-Henri Damiba, dans un communiqu\u00e9, invite les ministres du dernier gouvernement de Roch Marc Christian Kabor\u00e9 \u00e0 lib\u00e9rer les r\u00e9sidences minist\u00e9rielles, \u00e0 r\u00e9int\u00e9grer les v\u00e9hicules de fonction au parc automobile de l\u2019Etat et rendre tout autre \u00e9quipement et mat\u00e9riel mis \u00e0 leur disposition dans l\u2019exercice de leurs fonctions. Le communiqu\u00e9 pr\u00e9cise qu\u2019ils ont un \u00a0d\u00e9lai de 72h pour le faire.<\/p>\n<p>Lire le communiqu\u00e9<\/p>\n<p><a href=\"https:\/\/www.sidwaya.info\/wp-content\/uploads\/2022\/02\/COMMUNIQUE-12.pdf\">COMMUNIQU\u00c9 12<\/a><\/p>\n<p>\u00a0<\/p>\n<p>B.S.<\/p>\n<p>\u00a0<\/p>\n<p>\u00a0<\/p>\n<p>L\u2019article <a rel=\"nofollow\" href=\"https:\/\/www.sidwaya.info\/blog\/2022\/02\/08\/burkina-les-ministres-du-dernier-gouvernement-de-roch-kabore-ont-72-heures-pour-remettre-leur-vehicule-de-fonction\/\">Burkina\u00a0: les ministres du dernier gouvernement de Roch Kabor\u00e9 ont 72 heures pour remettre leurs v\u00e9hicules de fonction<\/a> est apparu en premier sur <a rel=\"nofollow\" href=\"https:\/\/www.sidwaya.info\/\">Quotidien Sidwaya<\/a>.<\/p>\n<\/div>\n<p>Auteur: BS. Sidwaya<br \/>\n<a href=\"https:\/\/www.sidwaya.info\/blog\/2022\/02\/08\/burkina-les-ministres-du-dernier-gouvernement-de-roch-kabore-ont-72-heures-pour-remettre-leur-vehicule-de-fonction\/?utm_source=rss&#038;utm_medium=rss&#038;utm_campaign=burkina-les-ministres-du-dernier-gouvernement-de-roch-kabore-ont-72-heures-pour-remettre-leur-vehicule-de-fonction\">Cliquez ici pour lire l&rsquo;article depuis sa source.<\/a><\/p>\n","protected":false},"excerpt":{"rendered":"<p>Le Pr\u00e9sident du Faso, Lieutenant-colonel Paul-Henri Damiba, dans un communiqu\u00e9, invite les ministres du dernier gouvernement de Roch Marc Christian Kabor\u00e9 \u00e0 lib\u00e9rer les r\u00e9sidences minist\u00e9rielles, \u00e0 r\u00e9int\u00e9grer les v\u00e9hicules de fonction au parc automobile de l\u2019Etat et rendre tout autre \u00e9quipement et mat\u00e9riel mis \u00e0 leur disposition dans l\u2019exercice de leurs fonctions. Le communiqu\u00e9 [&hellip;]<\/p>\n","protected":false},"author":1816,"featured_media":0,"comment_status":"closed","ping_status":"closed","sticky":false,"template":"","format":"standard","meta":{"fifu_image_url":"","fifu_image_alt":"","footnotes":""},"categories":[73,81],"tags":[],"class_list":["post-140363","post","type-post","status-publish","format-standard","hentry","category-actualite","category-burkina-faso"],"_links":{"self":[{"href":"https:\/\/linitiative.ca\/International\/wp-json\/wp\/v2\/posts\/140363","targetHints":{"allow":["GET"]}}],"collection":[{"href":"https:\/\/linitiative.ca\/International\/wp-json\/wp\/v2\/posts"}],"about":[{"href":"https:\/\/linitiative.ca\/International\/wp-json\/wp\/v2\/types\/post"}],"author":[{"embeddable":true,"href":"https:\/\/linitiative.ca\/International\/wp-json\/wp\/v2\/users\/1816"}],"replies":[{"embeddable":true,"href":"https:\/\/linitiative.ca\/International\/wp-json\/wp\/v2\/comments?post=140363"}],"version-history":[{"count":0,"href":"https:\/\/linitiative.ca\/International\/wp-json\/wp\/v2\/posts\/140363\/revisions"}],"wp:attachment":[{"href":"https:\/\/linitiative.ca\/International\/wp-json\/wp\/v2\/media?parent=140363"}],"wp:term":[{"taxonomy":"category","embeddable":true,"href":"https:\/\/linitiative.ca\/International\/wp-json\/wp\/v2\/categories?post=140363"},{"taxonomy":"post_tag","embeddable":true,"href":"https:\/\/linitiative.ca\/International\/wp-json\/wp\/v2\/tags?post=140363"}],"curies":[{"name":"wp","href":"https:\/\/api.w.org\/{rel}","templated":true}]}}