{"id":140364,"date":"2022-02-08T11:07:33","date_gmt":"2022-02-08T16:07:33","guid":{"rendered":"https:\/\/linitiative.ca\/International\/sante-decouverte-dun-variant-plus-contagieux-du-vih-sida\/"},"modified":"2022-02-08T11:07:33","modified_gmt":"2022-02-08T16:07:33","slug":"sante-decouverte-dun-variant-plus-contagieux-du-vih-sida","status":"publish","type":"post","link":"https:\/\/linitiative.ca\/International\/sante-decouverte-dun-variant-plus-contagieux-du-vih-sida\/","title":{"rendered":"Sant\u00e9\u00a0: D\u00e9couverte d\u2019un variant plus contagieux du VIH\/SIDA"},"content":{"rendered":"<div>\n<p class=\"yiv9025141695ydp475de36emsonormal\" style=\"text-align: justify;background: white\"><span style=\"font-size: 14.0pt;font-family: 'Helvetica',sans-serif;color: #1d2228\">Apr\u00e8s les divers variants de la COVID-19, voici le variant du VIH\/SIDA d\u00e9couvert aux Pays-Bas. Selon le Programme <\/span><span style=\"font-size: 14.0pt;font-family: 'Helvetica',sans-serif;color: #1d2228\">commun des Nations Unies sur le VIH\/sida (ONUSIDA), cit\u00e9 par l\u2019AIP, ce variant du VIH\/Sida plus virulent et plus contagieux prouve l\u2019urgence <i>\u00ab d\u2019enrayer la pand\u00e9mie et d\u2019assurer le d\u00e9pistage et le traitement de tous les malades\u00bb<\/i>.<\/span><span style=\"font-size: 10.0pt;font-family: 'Helvetica',sans-serif;color: #1d2228\">\u00a0<\/span><\/p>\n<p class=\"yiv9025141695ydp475de36emsonormal\" style=\"text-align: justify;background: white\"><span style=\"font-size: 14.0pt;font-family: 'Helvetica',sans-serif;color: #1d2228\">Selon les r\u00e9sultats d\u2019une \u00e9tude,\u00a0ce variant s\u2019est r\u00e9pandu aux Pays-Bas dans les ann\u00e9es 1990 et 2000 avant de commencer \u00e0 d\u00e9cliner en 2010 gr\u00e2ce aux programmes de d\u00e9tection et de traitement en cours.<\/span><span style=\"font-size: 10.0pt;font-family: 'Helvetica',sans-serif;color: #1d2228\">\u00a0<\/span><\/p>\n<p class=\"yiv9025141695ydp475de36emsonormal\" style=\"text-align: justify;background: white\"><span style=\"font-size: 14.0pt;font-family: 'Helvetica',sans-serif;color: #1d2228\">Selon l\u2019agence onusienne, les personnes atteintes par ce variant ont une charge virale du VIH plus importante. Elles sont vuln\u00e9rables au d\u00e9veloppement du sida deux \u00e0 trois fois plus rapidement apr\u00e8s le diagnostic que si elles vivaient avec d\u2019autres souches du virus.\u00a0<i>\u00ab Les personnes vivant avec ce variant connaissent un taux de d\u00e9clin du syst\u00e8me immunitaire (nombre de CD4) deux fois plus \u00e9lev\u00e9 \u00bb<\/i>, a pr\u00e9cis\u00e9 l\u2019ONUSIDA. <\/span><\/p>\n<p class=\"yiv9025141695ydp475de36emsonormal\" style=\"text-align: justify;background: white\"><span style=\"font-size: 14.0pt;font-family: 'Helvetica',sans-serif;color: #1d2228\">Pr\u00e8s 10 millions de personnes vivant avec le VIH ne sont toujours pas sous traitement antir\u00e9troviral, a fait savoir le lundi 7 f\u00e9vrier 2022, l\u2019ONUSIDA.<\/span><\/p>\n<p>L\u2019article <a rel=\"nofollow\" href=\"https:\/\/www.sidwaya.info\/blog\/2022\/02\/08\/sante-decouverte-dun-variant-plus-contagieux-du-vih-sida\/\">Sant\u00e9\u00a0: D\u00e9couverte d\u2019un variant plus contagieux du VIH\/SIDA<\/a> est apparu en premier sur <a rel=\"nofollow\" href=\"https:\/\/www.sidwaya.info\/\">Quotidien Sidwaya<\/a>.<\/p>\n<\/div>\n<p>Auteur: BANGRE SIDWAYA<br \/>\n<a href=\"https:\/\/www.sidwaya.info\/blog\/2022\/02\/08\/sante-decouverte-dun-variant-plus-contagieux-du-vih-sida\/?utm_source=rss&#038;utm_medium=rss&#038;utm_campaign=sante-decouverte-dun-variant-plus-contagieux-du-vih-sida\">Cliquez ici pour lire l&rsquo;article depuis sa source.<\/a><\/p>\n","protected":false},"excerpt":{"rendered":"<p>Apr\u00e8s les divers variants de la COVID-19, voici le variant du VIH\/SIDA d\u00e9couvert aux Pays-Bas. Selon le Programme commun des Nations Unies sur le VIH\/sida (ONUSIDA), cit\u00e9 par l\u2019AIP, ce variant du VIH\/Sida plus virulent et plus contagieux prouve l\u2019urgence \u00ab d\u2019enrayer la pand\u00e9mie et d\u2019assurer le d\u00e9pistage et le traitement de tous les malades\u00bb.\u00a0 [&hellip;]<\/p>\n","protected":false},"author":1816,"featured_media":0,"comment_status":"closed","ping_status":"closed","sticky":false,"template":"","format":"standard","meta":{"fifu_image_url":"","fifu_image_alt":"","footnotes":""},"categories":[73,81],"tags":[],"class_list":["post-140364","post","type-post","status-publish","format-standard","hentry","category-actualite","category-burkina-faso"],"_links":{"self":[{"href":"https:\/\/linitiative.ca\/International\/wp-json\/wp\/v2\/posts\/140364","targetHints":{"allow":["GET"]}}],"collection":[{"href":"https:\/\/linitiative.ca\/International\/wp-json\/wp\/v2\/posts"}],"about":[{"href":"https:\/\/linitiative.ca\/International\/wp-json\/wp\/v2\/types\/post"}],"author":[{"embeddable":true,"href":"https:\/\/linitiative.ca\/International\/wp-json\/wp\/v2\/users\/1816"}],"replies":[{"embeddable":true,"href":"https:\/\/linitiative.ca\/International\/wp-json\/wp\/v2\/comments?post=140364"}],"version-history":[{"count":0,"href":"https:\/\/linitiative.ca\/International\/wp-json\/wp\/v2\/posts\/140364\/revisions"}],"wp:attachment":[{"href":"https:\/\/linitiative.ca\/International\/wp-json\/wp\/v2\/media?parent=140364"}],"wp:term":[{"taxonomy":"category","embeddable":true,"href":"https:\/\/linitiative.ca\/International\/wp-json\/wp\/v2\/categories?post=140364"},{"taxonomy":"post_tag","embeddable":true,"href":"https:\/\/linitiative.ca\/International\/wp-json\/wp\/v2\/tags?post=140364"}],"curies":[{"name":"wp","href":"https:\/\/api.w.org\/{rel}","templated":true}]}}