{"id":140365,"date":"2022-02-08T12:19:05","date_gmt":"2022-02-08T17:19:05","guid":{"rendered":"https:\/\/linitiative.ca\/International\/region-du-sahel-le-gouverneur-suspend-le-processus-de-mise-en-place-des-delegations-specialescommunique\/"},"modified":"2022-02-08T12:19:05","modified_gmt":"2022-02-08T17:19:05","slug":"region-du-sahel-le-gouverneur-suspend-le-processus-de-mise-en-place-des-delegations-specialescommunique","status":"publish","type":"post","link":"https:\/\/linitiative.ca\/International\/region-du-sahel-le-gouverneur-suspend-le-processus-de-mise-en-place-des-delegations-specialescommunique\/","title":{"rendered":"R\u00e9gion du Sahel : Le gouverneur suspend le processus de mise en place des d\u00e9l\u00e9gations sp\u00e9ciales(Communiqu\u00e9)"},"content":{"rendered":"<div>\n<p>Le gouverneur de la r\u00e9gion du Sahel, Col major Salif Kabor\u00e9, a suspendu ce mardi 8 f\u00e9vrier 2022, le processus de mise en place de la d\u00e9l\u00e9gation sp\u00e9ciale r\u00e9gionale et des d\u00e9l\u00e9gations sp\u00e9ciales communales dans cette r\u00e9gion. Le gouverneur a expliqu\u00e9 dans un communiqu\u00e9 que la suspension vise \u00e0 mettre en place, un cadre de concertation en vue d\u2019une bonne compr\u00e9hension et un bon encadrement du processus.<\/p>\n<p>L\u2019article <a rel=\"nofollow\" href=\"https:\/\/www.sidwaya.info\/blog\/2022\/02\/08\/region-du-sahel-le-gouverneur-suspend-le-processus-de-mise-en-place-des-delegations-specialescommunique\/\">R\u00e9gion du Sahel : Le gouverneur suspend le processus de mise en place des d\u00e9l\u00e9gations sp\u00e9ciales(Communiqu\u00e9)<\/a> est apparu en premier sur <a rel=\"nofollow\" href=\"https:\/\/www.sidwaya.info\/\">Quotidien Sidwaya<\/a>.<\/p>\n<\/div>\n<p>Auteur: BANGRE SIDWAYA<br \/>\n<a href=\"https:\/\/www.sidwaya.info\/blog\/2022\/02\/08\/region-du-sahel-le-gouverneur-suspend-le-processus-de-mise-en-place-des-delegations-specialescommunique\/?utm_source=rss&#038;utm_medium=rss&#038;utm_campaign=region-du-sahel-le-gouverneur-suspend-le-processus-de-mise-en-place-des-delegations-specialescommunique\">Cliquez ici pour lire l&rsquo;article depuis sa source.<\/a><\/p>\n","protected":false},"excerpt":{"rendered":"<p>Le gouverneur de la r\u00e9gion du Sahel, Col major Salif Kabor\u00e9, a suspendu ce mardi 8 f\u00e9vrier 2022, le processus de mise en place de la d\u00e9l\u00e9gation sp\u00e9ciale r\u00e9gionale et des d\u00e9l\u00e9gations sp\u00e9ciales communales dans cette r\u00e9gion. Le gouverneur a expliqu\u00e9 dans un communiqu\u00e9 que la suspension vise \u00e0 mettre en place, un cadre de [&hellip;]<\/p>\n","protected":false},"author":1816,"featured_media":0,"comment_status":"closed","ping_status":"closed","sticky":false,"template":"","format":"standard","meta":{"fifu_image_url":"","fifu_image_alt":"","footnotes":""},"categories":[73,81],"tags":[],"class_list":["post-140365","post","type-post","status-publish","format-standard","hentry","category-actualite","category-burkina-faso"],"_links":{"self":[{"href":"https:\/\/linitiative.ca\/International\/wp-json\/wp\/v2\/posts\/140365","targetHints":{"allow":["GET"]}}],"collection":[{"href":"https:\/\/linitiative.ca\/International\/wp-json\/wp\/v2\/posts"}],"about":[{"href":"https:\/\/linitiative.ca\/International\/wp-json\/wp\/v2\/types\/post"}],"author":[{"embeddable":true,"href":"https:\/\/linitiative.ca\/International\/wp-json\/wp\/v2\/users\/1816"}],"replies":[{"embeddable":true,"href":"https:\/\/linitiative.ca\/International\/wp-json\/wp\/v2\/comments?post=140365"}],"version-history":[{"count":0,"href":"https:\/\/linitiative.ca\/International\/wp-json\/wp\/v2\/posts\/140365\/revisions"}],"wp:attachment":[{"href":"https:\/\/linitiative.ca\/International\/wp-json\/wp\/v2\/media?parent=140365"}],"wp:term":[{"taxonomy":"category","embeddable":true,"href":"https:\/\/linitiative.ca\/International\/wp-json\/wp\/v2\/categories?post=140365"},{"taxonomy":"post_tag","embeddable":true,"href":"https:\/\/linitiative.ca\/International\/wp-json\/wp\/v2\/tags?post=140365"}],"curies":[{"name":"wp","href":"https:\/\/api.w.org\/{rel}","templated":true}]}}