{"id":140375,"date":"2022-02-08T15:18:02","date_gmt":"2022-02-08T20:18:02","guid":{"rendered":"https:\/\/linitiative.ca\/International\/senegal-macky-sall-gate-les-lions-vainqueurs-de-la-can\/"},"modified":"2022-02-08T15:18:02","modified_gmt":"2022-02-08T20:18:02","slug":"senegal-macky-sall-gate-les-lions-vainqueurs-de-la-can","status":"publish","type":"post","link":"https:\/\/linitiative.ca\/International\/senegal-macky-sall-gate-les-lions-vainqueurs-de-la-can\/","title":{"rendered":"S\u00e9n\u00e9gal: Macky Sall g\u00e2te les Lions vainqueurs de la  CAN"},"content":{"rendered":"<div>\n<p><img decoding=\"async\" width=\"800\" height=\"537\" src=\"https:\/\/linitiative.ca\/International\/wp-content\/uploads\/sites\/23\/2022\/02\/16443514831130.jpg\" class=\"attachment-post-thumbnail size-post-thumbnail wp-post-image\" alt=\"\" loading=\"lazy\" srcset=\"https:\/\/linitiative.ca\/International\/wp-content\/uploads\/sites\/23\/2022\/02\/16443514831130.jpg 800w, https:\/\/www.journalducameroun.com\/wp-content\/uploads\/2022\/02\/16443514831130-300x201.jpg 300w, https:\/\/www.journalducameroun.com\/wp-content\/uploads\/2022\/02\/16443514831130-768x516.jpg 768w, https:\/\/www.journalducameroun.com\/wp-content\/uploads\/2022\/02\/16443514831130-655x440.jpg 655w, https:\/\/www.journalducameroun.com\/wp-content\/uploads\/2022\/02\/16443514831130-600x403.jpg 600w\" sizes=\"auto, (max-width: 800px) 100vw, 800px\"><\/p>\n<p>Les joueurs de l&rsquo;\u00e9quipe nationale du S\u00e9n\u00e9gal, vainqueurs de la Can 2021 au Cameroun, ont \u00e9t\u00e9 r\u00e9compens\u00e9s lors d&rsquo;une c\u00e9r\u00e9monie solennelle organis\u00e9e ce mardi 8 f\u00e9vrier 2021 devant le Palais de la R\u00e9publique.Le pr\u00e9sident Macky Sall a honor\u00e9 l&rsquo;ensemble des membres de l&rsquo;encadrement technique des Lions du S\u00e9n\u00e9gal\u00a0revenus de Douala au Cameroun. En pr\u00e9sence de toute la R\u00e9publique,\u00a0Macky Sall a remerci\u00e9 au nom du peuple s\u00e9n\u00e9galais les Lions du S\u00e9n\u00e9gal pour leur sacre historique\u00a0\u00e0 la Can 2021 au Cameroun.<\/p>\n<p>A ce titre, le Pr\u00e9sident\u00a0s\u00e9n\u00e9galais,\u00a0fra\u00eechement port\u00e9 \u00e0 la pr\u00e9sidence de l&rsquo;Union africaine, a\u00a0d\u00e9cid\u00e9 \u00e0 titre exceptionnel d&rsquo;\u00e9lever l&rsquo;ensemble des membres de la d\u00e9l\u00e9gation au titres\u00a0diff\u00e9rents de\u00a0Grand\u00a0officier, Commandeur et Officier\u00a0de l&rsquo;Ordre national du Lion, la plus haute distinction de la Nation s\u00e9n\u00e9galaise.<\/p>\n<p>Mais ce n&rsquo;est pas tout, le chef de l&rsquo;Etat s\u00e9n\u00e9galais a allou\u00e9 une prime financi\u00e8re de 50 millions francs CFA \u00e0 chaque joueur et membre de l&rsquo;encadrement technique. Les h\u00e9ros de Douala recevront aussi chacun un terrain de 200 m\u00e8tres carr\u00e9s dans la capitale Dakar et un autre de 500 m\u00e8tres carr\u00e9s dans la nouvelle ville lumiere de Diamniadio pour former la nouvelle cit\u00e9 de la Tani\u00e8re.<\/p>\n<p>Macky Sall a profit\u00e9 de l&rsquo;occasion pour inviter les Lions\u00a0\u00e0 la c\u00e9r\u00e9monie d&rsquo;inauguration du nouveau stade olympique du S\u00e9n\u00e9gal construit \u00e0\u00a0Diamniadio, (26 kilom\u00e8tres de Dakar),\u00a0le 22 f\u00e9vrier prochain. Un joyau architectural de 50.000 places offert \u00e0 la jeunesse s\u00e9n\u00e9galaise en guise de cadeau, indique le chef de l&rsquo;Etat.<\/p>\n<p>Cet article <a rel=\"nofollow\" href=\"https:\/\/www.journalducameroun.com\/senegal-macky-sall-gate-les-lions-vainqueurs-de-la-can\/\">S\u00e9n\u00e9gal: Macky Sall g\u00e2te les Lions vainqueurs de la  CAN<\/a> est apparu en premier sur <a rel=\"nofollow\" href=\"https:\/\/www.journalducameroun.com\/\">Journal du Cameroun<\/a>.<\/p>\n<\/div>\n<p>Auteur: APA News<br \/>\n<a href=\"https:\/\/www.journalducameroun.com\/senegal-macky-sall-gate-les-lions-vainqueurs-de-la-can\/\">Cliquez ici pour lire l&rsquo;article depuis sa source.<\/a><\/p>\n","protected":false},"excerpt":{"rendered":"<p>Les joueurs de l&rsquo;\u00e9quipe nationale du S\u00e9n\u00e9gal, vainqueurs de la Can 2021 au Cameroun, ont \u00e9t\u00e9 r\u00e9compens\u00e9s lors d&rsquo;une c\u00e9r\u00e9monie solennelle organis\u00e9e ce mardi 8 f\u00e9vrier 2021 devant le Palais de la R\u00e9publique.Le pr\u00e9sident Macky Sall a honor\u00e9 l&rsquo;ensemble des membres de l&rsquo;encadrement technique des Lions du S\u00e9n\u00e9gal\u00a0revenus de Douala au Cameroun. En pr\u00e9sence de [&hellip;]<\/p>\n","protected":false},"author":1965,"featured_media":0,"comment_status":"closed","ping_status":"closed","sticky":false,"template":"","format":"standard","meta":{"fifu_image_url":"https:\/\/www.journalducameroun.com\/wp-content\/uploads\/2022\/02\/16443514831130.jpg","fifu_image_alt":"S\u00e9n\u00e9gal: Macky Sall g\u00e2te les Lions vainqueurs de la  CAN","footnotes":""},"categories":[73,82],"tags":[],"class_list":["post-140375","post","type-post","status-publish","format-standard","hentry","category-actualite","category-cameroun"],"_links":{"self":[{"href":"https:\/\/linitiative.ca\/International\/wp-json\/wp\/v2\/posts\/140375","targetHints":{"allow":["GET"]}}],"collection":[{"href":"https:\/\/linitiative.ca\/International\/wp-json\/wp\/v2\/posts"}],"about":[{"href":"https:\/\/linitiative.ca\/International\/wp-json\/wp\/v2\/types\/post"}],"author":[{"embeddable":true,"href":"https:\/\/linitiative.ca\/International\/wp-json\/wp\/v2\/users\/1965"}],"replies":[{"embeddable":true,"href":"https:\/\/linitiative.ca\/International\/wp-json\/wp\/v2\/comments?post=140375"}],"version-history":[{"count":0,"href":"https:\/\/linitiative.ca\/International\/wp-json\/wp\/v2\/posts\/140375\/revisions"}],"wp:attachment":[{"href":"https:\/\/linitiative.ca\/International\/wp-json\/wp\/v2\/media?parent=140375"}],"wp:term":[{"taxonomy":"category","embeddable":true,"href":"https:\/\/linitiative.ca\/International\/wp-json\/wp\/v2\/categories?post=140375"},{"taxonomy":"post_tag","embeddable":true,"href":"https:\/\/linitiative.ca\/International\/wp-json\/wp\/v2\/tags?post=140375"}],"curies":[{"name":"wp","href":"https:\/\/api.w.org\/{rel}","templated":true}]}}