{"id":140377,"date":"2022-02-08T17:18:03","date_gmt":"2022-02-08T22:18:03","guid":{"rendered":"https:\/\/linitiative.ca\/International\/la-president-de-la-commission-europeenne-entame-une-visite-au-maroc\/"},"modified":"2022-02-08T17:18:03","modified_gmt":"2022-02-08T22:18:03","slug":"la-president-de-la-commission-europeenne-entame-une-visite-au-maroc","status":"publish","type":"post","link":"https:\/\/linitiative.ca\/International\/la-president-de-la-commission-europeenne-entame-une-visite-au-maroc\/","title":{"rendered":"La pr\u00e9sident de la Commission europ\u00e9enne entame une visite au Maroc"},"content":{"rendered":"<div>\n<p><img decoding=\"async\" width=\"920\" height=\"490\" src=\"https:\/\/linitiative.ca\/International\/wp-content\/uploads\/sites\/23\/2022\/02\/16443586835967.jpg\" class=\"attachment-post-thumbnail size-post-thumbnail wp-post-image\" alt=\"\" loading=\"lazy\" srcset=\"https:\/\/linitiative.ca\/International\/wp-content\/uploads\/sites\/23\/2022\/02\/16443586835967.jpg 920w, https:\/\/www.journalducameroun.com\/wp-content\/uploads\/2022\/02\/16443586835967-300x160.jpg 300w, https:\/\/www.journalducameroun.com\/wp-content\/uploads\/2022\/02\/16443586835967-768x409.jpg 768w, https:\/\/www.journalducameroun.com\/wp-content\/uploads\/2022\/02\/16443586835967-826x440.jpg 826w, https:\/\/www.journalducameroun.com\/wp-content\/uploads\/2022\/02\/16443586835967-600x320.jpg 600w\" sizes=\"auto, (max-width: 920px) 100vw, 920px\"><\/p>\n<p>La pr\u00e9sidente de la Commission europ\u00e9enne, Mme Ursula von der Leyen, est arriv\u00e9e, mardi \u00e0 Rabat.La responsable europ\u00e9enne a \u00e9t\u00e9 accueillie \u00e0 l&rsquo;a\u00e9roport de Rabat-Sal\u00e9 par le ministre des Affaires \u00e9trang\u00e8res, de la Coop\u00e9ration africaine et des Marocains r\u00e9sidant \u00e0 l&rsquo;\u00e9tranger, Nasser Bourita.<\/p>\n<p>Il s&rsquo;agit de la premi\u00e8re visite au Maroc de Mme von der Leyen dans ses fonctions de Pr\u00e9sidente de la Commission europ\u00e9enne.<\/p>\n<p>\u00abCette visite s&rsquo;inscrit dans le contexte du partenariat bilat\u00e9ral entre le Maroc et l&rsquo;Union Europ\u00e9enne que la Pr\u00e9sidente a, bien entendu, \u00e0 c\u0153ur de renforcer\u00bb, avait d\u00e9clar\u00e9 le porte-parole de l&rsquo;ex\u00e9cutif europ\u00e9en, \u00c9ric Mamer.<\/p>\n<p>Le Maroc et l&rsquo;UE avaient lanc\u00e9 le 27 juin 2019 \u00e0 Bruxelles le \u00ab\u00a0Partenariat euro-marocain de prosp\u00e9rit\u00e9 partag\u00e9e\u00a0\u00bb, un nouveau cadre statutaire qui r\u00e9git leurs relations bilat\u00e9rales.<\/p>\n<p>Il s&rsquo;articule autour de quatre espaces structurants, \u00e0 savoir un Espace de convergence des Valeurs, un Espace de convergence \u00c9conomique et de Coh\u00e9sion sociale, un Espace de Connaissances Partag\u00e9es et un Espace de concertation politique et de Coop\u00e9ration accrue en mati\u00e8re de S\u00e9curit\u00e9.<\/p>\n<p>Ce Cadre repose sur deux axes fondamentaux \u00e0 caract\u00e8re horizontal qui feront aussi l&rsquo;objet d&rsquo;actions op\u00e9rationnelles sp\u00e9cifiques, \u00e0 savoir une coop\u00e9ration en mati\u00e8re d&rsquo;environnement et de lutte contre le changement climatique et une coop\u00e9ration en mati\u00e8re de mobilit\u00e9 et de migration, qui se renforceront mutuellement.<\/p>\n<p>Cet article <a rel=\"nofollow\" href=\"https:\/\/www.journalducameroun.com\/la-president-de-la-commission-europeenne-entame-une-visite-au-maroc\/\">La pr\u00e9sident de la Commission europ\u00e9enne entame une visite au Maroc<\/a> est apparu en premier sur <a rel=\"nofollow\" href=\"https:\/\/www.journalducameroun.com\/\">Journal du Cameroun<\/a>.<\/p>\n<\/div>\n<p>Auteur: APA News<br \/>\n<a href=\"https:\/\/www.journalducameroun.com\/la-president-de-la-commission-europeenne-entame-une-visite-au-maroc\/\">Cliquez ici pour lire l&rsquo;article depuis sa source.<\/a><\/p>\n","protected":false},"excerpt":{"rendered":"<p>La pr\u00e9sidente de la Commission europ\u00e9enne, Mme Ursula von der Leyen, est arriv\u00e9e, mardi \u00e0 Rabat.La responsable europ\u00e9enne a \u00e9t\u00e9 accueillie \u00e0 l&rsquo;a\u00e9roport de Rabat-Sal\u00e9 par le ministre des Affaires \u00e9trang\u00e8res, de la Coop\u00e9ration africaine et des Marocains r\u00e9sidant \u00e0 l&rsquo;\u00e9tranger, Nasser Bourita. Il s&rsquo;agit de la premi\u00e8re visite au Maroc de Mme von der [&hellip;]<\/p>\n","protected":false},"author":1965,"featured_media":0,"comment_status":"closed","ping_status":"closed","sticky":false,"template":"","format":"standard","meta":{"fifu_image_url":"https:\/\/www.journalducameroun.com\/wp-content\/uploads\/2022\/02\/16443586835967.jpg","fifu_image_alt":"La pr\u00e9sident de la Commission europ\u00e9enne entame une visite au Maroc","footnotes":""},"categories":[73,82],"tags":[],"class_list":["post-140377","post","type-post","status-publish","format-standard","hentry","category-actualite","category-cameroun"],"_links":{"self":[{"href":"https:\/\/linitiative.ca\/International\/wp-json\/wp\/v2\/posts\/140377","targetHints":{"allow":["GET"]}}],"collection":[{"href":"https:\/\/linitiative.ca\/International\/wp-json\/wp\/v2\/posts"}],"about":[{"href":"https:\/\/linitiative.ca\/International\/wp-json\/wp\/v2\/types\/post"}],"author":[{"embeddable":true,"href":"https:\/\/linitiative.ca\/International\/wp-json\/wp\/v2\/users\/1965"}],"replies":[{"embeddable":true,"href":"https:\/\/linitiative.ca\/International\/wp-json\/wp\/v2\/comments?post=140377"}],"version-history":[{"count":0,"href":"https:\/\/linitiative.ca\/International\/wp-json\/wp\/v2\/posts\/140377\/revisions"}],"wp:attachment":[{"href":"https:\/\/linitiative.ca\/International\/wp-json\/wp\/v2\/media?parent=140377"}],"wp:term":[{"taxonomy":"category","embeddable":true,"href":"https:\/\/linitiative.ca\/International\/wp-json\/wp\/v2\/categories?post=140377"},{"taxonomy":"post_tag","embeddable":true,"href":"https:\/\/linitiative.ca\/International\/wp-json\/wp\/v2\/tags?post=140377"}],"curies":[{"name":"wp","href":"https:\/\/api.w.org\/{rel}","templated":true}]}}