{"id":140381,"date":"2022-02-08T13:09:26","date_gmt":"2022-02-08T18:09:26","guid":{"rendered":"https:\/\/linitiative.ca\/International\/football-mtn-redevient-sponsor-des-championnats-elite-one-et-two\/"},"modified":"2022-02-08T13:09:26","modified_gmt":"2022-02-08T18:09:26","slug":"football-mtn-redevient-sponsor-des-championnats-elite-one-et-two","status":"publish","type":"post","link":"https:\/\/linitiative.ca\/International\/football-mtn-redevient-sponsor-des-championnats-elite-one-et-two\/","title":{"rendered":"Football\u00a0: MTN redevient sponsor des championnats Elite One et Two"},"content":{"rendered":"<div>\n<p>4 ans apr\u00e8s la rupture du contrat triennal de 3 milliards de F sign\u00e9 avec la d\u00e9funte Ligue de football professionnel du Cameroun, MTN refait une incursion dans l\u2019accompagnement du football Camerounais. En effet, lundi 7 f\u00e9vrier 2022, la F\u00e9d\u00e9ration camerounaise de Football (Fecafoot) et la firme sud-africaine ont sign\u00e9 un protocole d\u2019accord dont la teneur \u00a0annonce le retour de MTN dans son r\u00f4le pr\u00e9f\u00e9rentiel de sponsor officiel des championnats nationaux Elite One et Elite Two. Ce rebondissement que l\u2019on n\u2019attendait pas, au regard des raisons \u00e9voqu\u00e9es par la filiale camerounaise pour justifier son d\u00e9part en 2018 (gestion catastrophique des championnats nationaux) a certainement \u00e9t\u00e9 motiv\u00e9e par les promesses de restructuration formul\u00e9es par Samuel Eto\u2019o avant et apr\u00e8s son \u00e9lection \u00e0 la t\u00eate de la f\u00e9d\u00e9ration Camerounaise de Football. Mais \u00e9galement, comme l\u2019a avou\u00e9 Stephen Blewett, le Directeur g\u00e9n\u00e9ral de MTN Cameroon, par la beaut\u00e9 des nouvelles infrastructures h\u00e9rit\u00e9es de la Coupe d\u2019Afrique des nations de football qui s\u2019est achev\u00e9e le 6 f\u00e9vrier 2022. \u00abLe Cameroun est d\u00e9sormais dot\u00e9 de belles infrastructures, de beaux stades et un top management certainement \u00e0 la hauteur de nos attentes. Nous devons travailler main dans la main pour accompagner ce football, afin d\u2019avoir de nouveaux Samuel Eto\u2019o au Cameroun\u00bb, a-t-il d\u00e9clar\u00e9.<\/p>\n<p><strong>Lire aussi<\/strong> : <strong><a href=\"https:\/\/ecomatin.net\/promotion-mtn-cameroon-offre-92-terrains-titres-a-ses-abonnes\/\">Promotion : MTN Cameroon offre 92 terrains titr\u00e9s \u00e0 ses abonn\u00e9s<\/a><\/strong><\/p>\n<p>Le chef du nouvel ex\u00e9cutif \u00e0 la t\u00eate de la Fecafoot n\u2019en dit pas moins. Samuel Eto\u2019o est convaincu que cette nouvelle collaboration pourra enfin permettre aux footballeurs locaux de b\u00e9n\u00e9ficier de quelques \u00abroyalties\u00bb g\u00e9n\u00e9r\u00e9es par les championnats locaux.\u00a0\u00abNous avons le devoir d\u2019organiser le plus beau championnat d\u2019Afrique\u2026 Je souhaite que les joueurs qui prendront part \u00e0 ce championnat se disent qu\u2019en fin, le r\u00eave devient r\u00e9alit\u00e9\u00a0\u00bb a d\u00e9clar\u00e9 le pr\u00e9sident de la FECAFOOT. Pour l\u2019heure, les contours de ce nouvel accord de partenariat n\u2019ont pas \u00e9t\u00e9 r\u00e9v\u00e9l\u00e9s. Ils feront l\u2019objet d\u2019une communication ult\u00e9rieure, ont indiqu\u00e9 les deux parties. Toutefois, si l\u2019on se replonge dans les pr\u00e9c\u00e9dents engagements pris par MTN dans le cadre de l\u2019accompagnement du football camerounais, on peut sans crainte subodorer que l\u2019entreprise de t\u00e9l\u00e9coms va\u00a0 fournir des \u00e9quipements sportifs aux diff\u00e9rentes \u00e9quipes, ainsi qu\u2019une dotation financi\u00e8re cons\u00e9quente qui sera mise \u00e0 contribution pour le paiement des salaires des footballeurs.<\/p>\n<p><strong>Lire aussi<\/strong> : <strong><a href=\"https:\/\/ecomatin.net\/les-cabinets-rohde-schwarz-et-umlaut-t-designent-mtn-comme-1er-operateur-au-cameroun-en-termes-de-qualite-de-reseau\/\">Les cabinets Rohde &amp; Schwarz et Umlaut d\u00e9signent MTN comme 1er op\u00e9rateur au Cameroun en termes de qualit\u00e9 de r\u00e9seau<\/a><\/strong><\/p>\n<p>L\u2019article <a rel=\"nofollow\" href=\"https:\/\/ecomatin.net\/football-mtn-redevient-sponsor-des-championnats-elite-one-et-two\/\">Football\u00a0: MTN redevient sponsor des championnats Elite One et Two<\/a> est apparu en premier sur <a rel=\"nofollow\" href=\"https:\/\/ecomatin.net\/\">EcoMatin<\/a>.<\/p>\n<\/div>\n<p>Auteur: Paul Tjeg<br \/>\n<a href=\"https:\/\/ecomatin.net\/football-mtn-redevient-sponsor-des-championnats-elite-one-et-two\/\">Cliquez ici pour lire l&rsquo;article depuis sa source.<\/a><\/p>\n","protected":false},"excerpt":{"rendered":"<p>4 ans apr\u00e8s la rupture du contrat triennal de 3 milliards de F sign\u00e9 avec la d\u00e9funte Ligue de football professionnel du Cameroun, MTN refait une incursion dans l\u2019accompagnement du football Camerounais. En effet, lundi 7 f\u00e9vrier 2022, la F\u00e9d\u00e9ration camerounaise de Football (Fecafoot) et la firme sud-africaine ont sign\u00e9 un protocole d\u2019accord dont la [&hellip;]<\/p>\n","protected":false},"author":1969,"featured_media":0,"comment_status":"closed","ping_status":"closed","sticky":false,"template":"","format":"standard","meta":{"fifu_image_url":"","fifu_image_alt":"","footnotes":""},"categories":[82,78],"tags":[],"class_list":["post-140381","post","type-post","status-publish","format-standard","hentry","category-cameroun","category-economie"],"_links":{"self":[{"href":"https:\/\/linitiative.ca\/International\/wp-json\/wp\/v2\/posts\/140381","targetHints":{"allow":["GET"]}}],"collection":[{"href":"https:\/\/linitiative.ca\/International\/wp-json\/wp\/v2\/posts"}],"about":[{"href":"https:\/\/linitiative.ca\/International\/wp-json\/wp\/v2\/types\/post"}],"author":[{"embeddable":true,"href":"https:\/\/linitiative.ca\/International\/wp-json\/wp\/v2\/users\/1969"}],"replies":[{"embeddable":true,"href":"https:\/\/linitiative.ca\/International\/wp-json\/wp\/v2\/comments?post=140381"}],"version-history":[{"count":0,"href":"https:\/\/linitiative.ca\/International\/wp-json\/wp\/v2\/posts\/140381\/revisions"}],"wp:attachment":[{"href":"https:\/\/linitiative.ca\/International\/wp-json\/wp\/v2\/media?parent=140381"}],"wp:term":[{"taxonomy":"category","embeddable":true,"href":"https:\/\/linitiative.ca\/International\/wp-json\/wp\/v2\/categories?post=140381"},{"taxonomy":"post_tag","embeddable":true,"href":"https:\/\/linitiative.ca\/International\/wp-json\/wp\/v2\/tags?post=140381"}],"curies":[{"name":"wp","href":"https:\/\/api.w.org\/{rel}","templated":true}]}}