{"id":140382,"date":"2022-02-08T13:29:27","date_gmt":"2022-02-08T18:29:27","guid":{"rendered":"https:\/\/linitiative.ca\/International\/les-meuniers-suspendent-la-livraison-de-la-farine-de-ble-sur-toute-letendue-du-territoire-national\/"},"modified":"2022-02-08T13:29:27","modified_gmt":"2022-02-08T18:29:27","slug":"les-meuniers-suspendent-la-livraison-de-la-farine-de-ble-sur-toute-letendue-du-territoire-national","status":"publish","type":"post","link":"https:\/\/linitiative.ca\/International\/les-meuniers-suspendent-la-livraison-de-la-farine-de-ble-sur-toute-letendue-du-territoire-national\/","title":{"rendered":"Les meuniers suspendent la livraison de la farine de bl\u00e9 sur toute l\u2019\u00e9tendue du territoire national"},"content":{"rendered":"<div>\n<p>D\u00e8s demain, (9 f\u00e9vrier 2021), la farine de bl\u00e9 produite par les entreprises membres du Groupement des industries meuni\u00e8res du Cameroun (GIMC) ne sera plus disponible sur le march\u00e9 camerounais. Ce syndicat qui revendique 70% des parts de march\u00e9 de la production de cette denr\u00e9e au Cameroun, a annonc\u00e9 la cessation des livraisons \u00a0de bl\u00e9 et de farine de bl\u00e9 sur l\u2019ensemble du territoire national pour une dur\u00e9e ind\u00e9termin\u00e9e. L\u2019annonce a \u00e9t\u00e9 faite ce mardi 8 f\u00e9vrier 2022, via un communiqu\u00e9 r\u00e9dig\u00e9 et sign\u00e9 par le secr\u00e9taire g\u00e9n\u00e9ral de cette organisation, Alfred Momo Ebongue. A en croire ce dernier, cette d\u00e9cision est subs\u00e9quente \u00e0 la hausse continue du prix du bl\u00e9 \u00e0 l\u2019importation et ses cons\u00e9quences n\u00e9fastes sur les co\u00fbts de production de la farine. Elle constitue \u00e9galement une forme de pression exerc\u00e9e sur le gouvernement, dont les mesures prises pour l\u2019all\u00e8gement des charges suppl\u00e9mentaires induites par cette conjoncture difficile sont fortement critiqu\u00e9es par le GIMC.<\/p>\n<p><strong>Lire aussi<\/strong> : <strong><a href=\"https:\/\/ecomatin.net\/importation-de-ble-le-gouvernement-etudie-la-possibilite-dapprovisionner-le-marche-local-en-ble-dorigine-turque\/\">Importation de bl\u00e9 : le gouvernement \u00e9tudie la possibilit\u00e9 d\u2019approvisionner le march\u00e9 local en bl\u00e9 d\u2019origine turque<\/a><\/strong><\/p>\n<p>\u00abLe groupement des industries meuni\u00e8re du Cameroun (GIMC) informe les populations du triangle national que les acteurs majeurs de la profession repr\u00e9sentant 70% de parts de march\u00e9 de la production de farine, ont suspendu ce mardi 8 f\u00e9vrier 2022 \u00e0 12 heures, et ce jusqu\u2019\u00e0 nouvel avis, toute livraison de farine et de son bl\u00e9. Le GIMC tient \u00e0 porter \u00e0 la connaissance des consommateurs que cette mesure prise \u00e0 contrec\u0153ur vise \u00e0 limiter la port\u00e9e des pertes que ces entreprises enregistrent depuis 3 mois \u00e0 cause de l\u2019augmentation ininterrompue et sans pr\u00e9c\u00e9dent du cours du bl\u00e9, leur mati\u00e8re premi\u00e8re et des mesures insuffisantes que prennent les pouvoirs publics pour les accompagner dans l\u2019acquisition de celle-ci [\u2026] le cours du bl\u00e9 sur le march\u00e9 international continuant sa progression, ils ont besoin d\u2019un ajustement mesur\u00e9 de leurs prix de vente pour \u00eatre en mesure d\u2019acheter du bl\u00e9 et donc de mettre \u00e0 disposition des populations, la farine\u00bb, peut-on lire dans ce document.<\/p>\n<p><strong>Lire aussi<\/strong> : <strong><a href=\"https:\/\/ecomatin.net\/patisserie-les-menaces-qui-pesent-sur-le-prix-de-la-baguette\/\">P\u00e2tisserie : les menaces qui p\u00e8sent sur le prix de la baguette<\/a><\/strong><\/p>\n<p>Pour m\u00e9moire, la r\u00e9solution sus-\u00e9voqu\u00e9e n\u2019est que le point culminant d\u2019une situation trouble qui perdure depuis de nombreux mois. En effet, depuis l\u2019ann\u00e9e derni\u00e8re, les acteurs de la fili\u00e8re meuni\u00e8re pestent incessamment contre le co\u00fbt \u00e9lev\u00e9 du bl\u00e9 \u00e0 l\u2019importation et ses cons\u00e9quences sur le prix de la farine et des produits d\u00e9riv\u00e9s au niveau local. Malgr\u00e9 les nombreuses concertations organis\u00e9es entre le gouvernement et les acteurs de la fili\u00e8re, pour tenter de trouver une solution consensuelle, la situation est rest\u00e9e quasiment la m\u00eame. D\u2019apr\u00e8s\u00a0Alfred Mo\u00efse Momo Ebongue, au mois de mars 2021, \u00a0les frais de production du sac de farine de 50 KG ont connu une augmentation de 2000 F passant de 4500 F \u00e0 6500 F. En grande partie \u00e0 cause de l\u2019extension du champ d\u2019application du\u00a0programme d\u2019\u00e9valuation de la conformit\u00e9 des produits avant l\u2019exp\u00e9dition (PECAE) \u00e0 toutes les marchandises import\u00e9es alors m\u00eame que le bl\u00e9 en \u00e9tait exempt. <\/p>\n<p><strong>Lire aussi<\/strong> : <strong><a href=\"https:\/\/ecomatin.net\/materiaux-de-construction-vers-une-revision-n-en-hausse-des-prix-homologues\/\">Mat\u00e9riaux de construction : vers une r\u00e9vision en hausse des prix homologu\u00e9s<\/a><\/strong><\/p>\n<p>Dans le d\u00e9tail, les fournisseurs de bl\u00e9 sont d\u00e9sormais contraints de payer des frais inh\u00e9rents \u00e0 la v\u00e9rification et \u00e0 l\u2019analyse de leur produit dans leur pays, afin d\u2019obtenir un Certificat de Conformit\u00e9 qui facilitera l\u2019entr\u00e9e de leur marchandise sur le territoire camerounais. Selon des informations relay\u00e9es par le bihebdomadaire Ecomatin, les op\u00e9rateurs doivent s\u2019enregistrer annuellement dans ledit programme. Le co\u00fbt oscille entre 4\u00a0088\u00a0420 F et 4\u00a0591\u00a0699 F. Des d\u00e9penses suppl\u00e9mentaires que les exportateurs r\u00e9percutent sur le prix de vente. Les acteurs de la fili\u00e8re meuni\u00e8re sollicitent donc la suppression de cette mesure, ainsi que le fl\u00e9chissement de certaines taxes auxquelles ils sont assujettis. Ils revendiquent en sus \u00ab<em>un nouvel ajustement sur le sac de farine de 50 kg, non pas pour faire du b\u00e9n\u00e9fice mais pour continuer \u00e0 ravitailler le march\u00e9 int\u00e9rieur<\/em>\u00bb, pr\u00e9cise le GIMC. Pour l\u2019heure, comme le soulignait votre hebdomadaire dans son \u00e9dition en kiosque le lundi 7 f\u00e9vrier 2022, une suspension du PECAE pour une dur\u00e9e de 6 mois a \u00e9t\u00e9 conc\u00e9d\u00e9e aux meuniers.<\/p>\n<p>L\u2019article <a rel=\"nofollow\" href=\"https:\/\/ecomatin.net\/les-meuniers-suspendent-la-livraison-n-de-la-farine-de-ble-sur-toute-letendue-du-territoire-national\/\">Les meuniers suspendent la livraison de la farine de bl\u00e9 sur toute l\u2019\u00e9tendue du territoire national<\/a> est apparu en premier sur <a rel=\"nofollow\" href=\"https:\/\/ecomatin.net\/\">EcoMatin<\/a>.<\/p>\n<\/div>\n<p>Auteur: Paul Tjeg<br \/>\n<a href=\"https:\/\/ecomatin.net\/les-meuniers-suspendent-la-livraison-n-de-la-farine-de-ble-sur-toute-letendue-du-territoire-national\/\">Cliquez ici pour lire l&rsquo;article depuis sa source.<\/a><\/p>\n","protected":false},"excerpt":{"rendered":"<p>D\u00e8s demain, (9 f\u00e9vrier 2021), la farine de bl\u00e9 produite par les entreprises membres du Groupement des industries meuni\u00e8res du Cameroun (GIMC) ne sera plus disponible sur le march\u00e9 camerounais. Ce syndicat qui revendique 70% des parts de march\u00e9 de la production de cette denr\u00e9e au Cameroun, a annonc\u00e9 la cessation des livraisons \u00a0de bl\u00e9 [&hellip;]<\/p>\n","protected":false},"author":1969,"featured_media":0,"comment_status":"closed","ping_status":"closed","sticky":false,"template":"","format":"standard","meta":{"fifu_image_url":"","fifu_image_alt":"","footnotes":""},"categories":[82,78],"tags":[],"class_list":["post-140382","post","type-post","status-publish","format-standard","hentry","category-cameroun","category-economie"],"_links":{"self":[{"href":"https:\/\/linitiative.ca\/International\/wp-json\/wp\/v2\/posts\/140382","targetHints":{"allow":["GET"]}}],"collection":[{"href":"https:\/\/linitiative.ca\/International\/wp-json\/wp\/v2\/posts"}],"about":[{"href":"https:\/\/linitiative.ca\/International\/wp-json\/wp\/v2\/types\/post"}],"author":[{"embeddable":true,"href":"https:\/\/linitiative.ca\/International\/wp-json\/wp\/v2\/users\/1969"}],"replies":[{"embeddable":true,"href":"https:\/\/linitiative.ca\/International\/wp-json\/wp\/v2\/comments?post=140382"}],"version-history":[{"count":0,"href":"https:\/\/linitiative.ca\/International\/wp-json\/wp\/v2\/posts\/140382\/revisions"}],"wp:attachment":[{"href":"https:\/\/linitiative.ca\/International\/wp-json\/wp\/v2\/media?parent=140382"}],"wp:term":[{"taxonomy":"category","embeddable":true,"href":"https:\/\/linitiative.ca\/International\/wp-json\/wp\/v2\/categories?post=140382"},{"taxonomy":"post_tag","embeddable":true,"href":"https:\/\/linitiative.ca\/International\/wp-json\/wp\/v2\/tags?post=140382"}],"curies":[{"name":"wp","href":"https:\/\/api.w.org\/{rel}","templated":true}]}}