{"id":140383,"date":"2022-02-08T13:55:11","date_gmt":"2022-02-08T18:55:11","guid":{"rendered":"https:\/\/linitiative.ca\/International\/elecam-paul-biya-oublie-de-renouveler-le-mandat-du-president-et-du-vice-president-du-conseil-electoral\/"},"modified":"2022-02-08T13:55:11","modified_gmt":"2022-02-08T18:55:11","slug":"elecam-paul-biya-oublie-de-renouveler-le-mandat-du-president-et-du-vice-president-du-conseil-electoral","status":"publish","type":"post","link":"https:\/\/linitiative.ca\/International\/elecam-paul-biya-oublie-de-renouveler-le-mandat-du-president-et-du-vice-president-du-conseil-electoral\/","title":{"rendered":"Elecam\u00a0: Paul Biya oublie de renouveler le mandat du pr\u00e9sident et du vice-pr\u00e9sident du conseil \u00e9lectoral"},"content":{"rendered":"<div>\n<p>Le pr\u00e9sident du conseil \u00e9lectoral d\u2019Elections Cameroon (Elecam), l\u2019ancien gouverneur de r\u00e9gion Enow Abrams Egbe, la vice-pr\u00e9sidente, Appoline Marie Amugu n\u00e9e Abena Ekobena, et 12membres de cette instance fonctionnent dans l\u2019ill\u00e9galit\u00e9 la plus absolue depuis le 25 avril 2021. Leur mandat de quatre ans, qui court depuis le 25 avril 2021, date de signature des d\u00e9crets pr\u00e9sidentiels qui leur donne mandat pour repr\u00e9senter l\u2019institution en charge de l\u2019organisation et la supervision des processus \u00e9lectoraux et r\u00e9f\u00e9rendaires et agir en son nom, a expir\u00e9 depuis le 25 avril de l\u2019an dernier, soit depuis environ 10 mois. Mais ces personnalit\u00e9s continuent d\u2019exercer en marge des dispositions de la loi du 19 avril 2012 portant code \u00e9lectoral, notamment l\u2019article 13 (1) qui \u00e9nonce\u00a0: \u00ab\u00a0Le mandat d\u2019un membre du conseil \u00e9lectoral prend fin dans les cas ci-apr\u00e8s\u00a0: non renouvellement du mandat\u00a0; d\u00e9mission\u00a0; d\u00e9c\u00e8s\u00a0\u00bb.<\/p>\n<p>Comme le pr\u00e9sident et la vice-pr\u00e9sidente, dame Njeuma, n\u00e9e Dorothy Limunga, C\u00e9cile Bomba Nkolo, Adamou Ali, Jules Mana Nschwangele, Sadou Daoudou, n\u00e9e Lady Bawa, Thomas Ejake Mbonda, Pierre Roger Efandene Bekono, Haman Dahirou, Elie Mbonda, membres dont le mandat avait \u00e9t\u00e9 renouvel\u00e9 le 25 avril 2017, aurait d\u00fb rendre leur tablier depuis le 25 avril 2021. Faute de ne l\u2019avoir pas fait, ces personnalit\u00e9s courent le risque de voir leurs actes de gestion pos\u00e9s hors mandat frapp\u00e9s de nullit\u00e9, notamment les projets de budgets \u00e9labor\u00e9s par le directeur g\u00e9n\u00e9ral des \u00e9lections, le programme d\u2019actions, les rapports d\u2019activit\u00e9s \u00e9labor\u00e9s par le Dg des \u00e9lections, entre autres actes approuv\u00e9s depuis lors par cette instance, comme le pr\u00e9voit l\u2019article 11 du code \u00e9lectoral mentionn\u00e9 supra.<\/p>\n<p>Il est \u00e0 noter le conseil \u00e9lectoral d\u2019Elections Cameroon a r\u00e9guli\u00e8rement tenu ses sessions ordinaires de l\u2019an dernier (quatre au total), convoqu\u00e9es par son pr\u00e9sident Enow Abrams Egbe. Lors de la derni\u00e8re session de cette instance, le 21 d\u00e9cembre 2021, il avait \u00e9t\u00e9 question de d\u00e9finir les grands axes du budget 2022 d\u2019Elecam et de r\u00e9fl\u00e9chir sur un plan de formation continu des personnels, en pr\u00e9vision du cycle \u00e9lectoral 2023-2025, pr\u00e9cise le journal Mutations de 08 f\u00e9vrier 2022. Par ailleurs, si la justice venait \u00e0 d\u00e9cider d\u2019une application stricte de la loi, ces personnalit\u00e9s se verraient contraintes de rembourser les salaires et avantages ind\u00fbment per\u00e7us depuis le 25 avril 2021.<\/p>\n<p>L\u2019article <a rel=\"nofollow\" href=\"https:\/\/ecomatin.net\/elecam-paul-biya-oublie-de-renouveler-r-le-mandat-du-president-et-du-vice-president-du-conseil-electoral\/\">Elecam\u00a0: Paul Biya oublie de renouveler le mandat du pr\u00e9sident et du vice-pr\u00e9sident du conseil \u00e9lectoral<\/a> est apparu en premier sur <a rel=\"nofollow\" href=\"https:\/\/ecomatin.net\/\">EcoMatin<\/a>.<\/p>\n<\/div>\n<p>Auteur: EcoMatin<br \/>\n<a href=\"https:\/\/ecomatin.net\/elecam-paul-biya-oublie-de-renouveler-r-le-mandat-du-president-et-du-vice-president-du-conseil-electoral\/\">Cliquez ici pour lire l&rsquo;article depuis sa source.<\/a><\/p>\n","protected":false},"excerpt":{"rendered":"<p>Le pr\u00e9sident du conseil \u00e9lectoral d\u2019Elections Cameroon (Elecam), l\u2019ancien gouverneur de r\u00e9gion Enow Abrams Egbe, la vice-pr\u00e9sidente, Appoline Marie Amugu n\u00e9e Abena Ekobena, et 12membres de cette instance fonctionnent dans l\u2019ill\u00e9galit\u00e9 la plus absolue depuis le 25 avril 2021. Leur mandat de quatre ans, qui court depuis le 25 avril 2021, date de signature des [&hellip;]<\/p>\n","protected":false},"author":1969,"featured_media":0,"comment_status":"closed","ping_status":"closed","sticky":false,"template":"","format":"standard","meta":{"fifu_image_url":"","fifu_image_alt":"","footnotes":""},"categories":[82,78],"tags":[],"class_list":["post-140383","post","type-post","status-publish","format-standard","hentry","category-cameroun","category-economie"],"_links":{"self":[{"href":"https:\/\/linitiative.ca\/International\/wp-json\/wp\/v2\/posts\/140383","targetHints":{"allow":["GET"]}}],"collection":[{"href":"https:\/\/linitiative.ca\/International\/wp-json\/wp\/v2\/posts"}],"about":[{"href":"https:\/\/linitiative.ca\/International\/wp-json\/wp\/v2\/types\/post"}],"author":[{"embeddable":true,"href":"https:\/\/linitiative.ca\/International\/wp-json\/wp\/v2\/users\/1969"}],"replies":[{"embeddable":true,"href":"https:\/\/linitiative.ca\/International\/wp-json\/wp\/v2\/comments?post=140383"}],"version-history":[{"count":0,"href":"https:\/\/linitiative.ca\/International\/wp-json\/wp\/v2\/posts\/140383\/revisions"}],"wp:attachment":[{"href":"https:\/\/linitiative.ca\/International\/wp-json\/wp\/v2\/media?parent=140383"}],"wp:term":[{"taxonomy":"category","embeddable":true,"href":"https:\/\/linitiative.ca\/International\/wp-json\/wp\/v2\/categories?post=140383"},{"taxonomy":"post_tag","embeddable":true,"href":"https:\/\/linitiative.ca\/International\/wp-json\/wp\/v2\/tags?post=140383"}],"curies":[{"name":"wp","href":"https:\/\/api.w.org\/{rel}","templated":true}]}}