{"id":140384,"date":"2022-02-09T08:49:38","date_gmt":"2022-02-09T13:49:38","guid":{"rendered":"https:\/\/linitiative.ca\/International\/covid-19-le-chef-du-gouvernement-tient-une-reunion-avec-les-representants-des-centrales-syndicales\/"},"modified":"2022-02-09T08:49:38","modified_gmt":"2022-02-09T13:49:38","slug":"covid-19-le-chef-du-gouvernement-tient-une-reunion-avec-les-representants-des-centrales-syndicales","status":"publish","type":"post","link":"https:\/\/linitiative.ca\/International\/covid-19-le-chef-du-gouvernement-tient-une-reunion-avec-les-representants-des-centrales-syndicales\/","title":{"rendered":"Covid-19 : le Chef du gouvernement tient une r\u00e9union avec les repr\u00e9sentants des centrales syndicales"},"content":{"rendered":"<div>\n<p><img loading=\"lazy\" decoding=\"async\" width=\"300\" height=\"153\" src=\"https:\/\/linitiative.ca\/International\/wp-content\/uploads\/sites\/23\/2022\/02\/Akhannouch-Syndicats-Maroc-300x153-1.jpg\" class=\"attachment-medium size-medium wp-post-image\" alt=\"\" srcset=\"https:\/\/linitiative.ca\/International\/wp-content\/uploads\/sites\/23\/2022\/02\/Akhannouch-Syndicats-Maroc-300x153-1.jpg 300w, https:\/\/aujourdhui.ma\/wp-content\/uploads\/2022\/02\/Akhannouch-Syndicats-Maroc-274x140.jpg 274w, https:\/\/aujourdhui.ma\/wp-content\/uploads\/2022\/02\/Akhannouch-Syndicats-Maroc.jpg 746w, https:\/\/aujourdhui.ma\/wp-content\/uploads\/2022\/02\/Akhannouch-Syndicats-Maroc-165x84.jpg 165w, https:\/\/aujourdhui.ma\/wp-content\/uploads\/2022\/02\/Akhannouch-Syndicats-Maroc-702x358.jpg 702w\" sizes=\"auto, (max-width: 300px) 100vw, 300px\"><\/p>\n<p><span style=\"font-size: 20px; color: #800000;\"><strong>Le Chef du gouvernement, Aziz Akhannouch, a tenu, mercredi, une r\u00e9union avec les repr\u00e9sentants des centrales syndicales, ax\u00e9e notamment sur leur r\u00f4le dans la sensibilisation quant \u00e0 la n\u00e9cessit\u00e9 de l\u2019adh\u00e9sion des fonctionnaires et salari\u00e9s au parach\u00e8vement du protocole vaccinal pour pr\u00e9server la sant\u00e9 des citoyens et garantir un retour \u00e0 la vie normale.<\/strong> <\/span><span id=\"more-399476\"><\/span><\/p>\n<p>Cette r\u00e9union, \u00e0 laquelle ont pris part le ministre de l\u2019Int\u00e9rieur, Abdelouafi Laftit, le ministre de la Sant\u00e9 et de la Protection sociale, Khalid Ait Taleb, le ministre de l\u2019Inclusion \u00e9conomique, de la Petite entreprise, du Travail et des Comp\u00e9tences, Younes Sekkouri et le ministre d\u00e9l\u00e9gu\u00e9 charg\u00e9 des Relations avec le Parlement, porte-parole du gouvernement, Mustapha Baitas, fait suite \u00e0 la s\u00e9rie de rencontres tenues avec les chefs des partis politiques repr\u00e9sent\u00e9s au Parlement, les Pr\u00e9sidents et des membres de la Conf\u00e9d\u00e9ration g\u00e9n\u00e9rale des entreprises du Maroc, les secr\u00e9taires g\u00e9n\u00e9raux et les directeurs des ressources humaines des diff\u00e9rents d\u00e9partements minist\u00e9riels et \u00e9tablissements publics et les repr\u00e9sentants des collectivit\u00e9s territoriales, en vue d\u2019examiner la situation \u00e9pid\u00e9miologique dans le Royaume, indique un communiqu\u00e9 du D\u00e9partement du Chef de gouvernement.<\/p>\n<p>Cette rencontre entend aussi sensibiliser quant \u00e0 la n\u00e9cessit\u00e9 d\u2019accompagner la r\u00e9cente d\u00e9cision du gouvernement d\u2019ouvrir les fronti\u00e8res aux vols internationaux en partance et \u00e0 destination du Maroc, par des mesures adapt\u00e9es \u00e0 l\u2019ampleur des enjeux, de nature \u00e0 pr\u00e9server les acquis, ajoute le communiqu\u00e9. Lors de cette r\u00e9union, M. Akhannouch a mis l\u2019accent sur l\u2019importance du r\u00f4le des centrales syndicales dans la sensibilisation quant \u00e0 la n\u00e9cessit\u00e9 de l\u2019adh\u00e9sion des fonctionnaires et salari\u00e9s au parach\u00e8vement du protocole vaccinal, et son renforcement par la troisi\u00e8me dose, afin de pr\u00e9server la sant\u00e9 des citoyens, de consolider l\u2019immunit\u00e9 collective permettant un retour \u00e0 la normale de la vie publique, note la m\u00eame source. Il a affirm\u00e9, \u00e0 cet \u00e9gard, que les repr\u00e9sentants des centrales syndicales ont un r\u00f4le central dans la sensibilisation des citoyens \u00e0 l\u2019importance du respect des mesures sanitaires arr\u00eat\u00e9es par les autorit\u00e9s publiques, et particuli\u00e8rement le recours \u00e0 la vaccination afin de consolider les acquis et de pr\u00e9server la sant\u00e9 des citoyennes et citoyens.<\/p>\n<p>Les repr\u00e9sentants des centrales syndicales ont, de leur c\u00f4t\u00e9, soulign\u00e9 que le parach\u00e8vement du protocole vaccinal permettra un retour progressif \u00e0 la vie normale, et particuli\u00e8rement avec la troisi\u00e8me dose qui pr\u00e9servera la vie des fonctionnaires et salari\u00e9s en cas d\u2019infection par le virus, et leur \u00e9vitera des complications graves.<\/p>\n<p>Ils ont exprim\u00e9 leur attachement au renforcement de la sensibilisation des citoyens et \u00e0 leur mobilisation pour avoir recours \u00e0 la vaccination, saluant les acquis r\u00e9alis\u00e9s par le Royaume dans la lutte contre la pand\u00e9mie.<\/p>\n<p>Ont pris part \u00e0 cette r\u00e9union, du c\u00f4t\u00e9 des centrales syndicales, Miloudi Mokhariq, secr\u00e9taire g\u00e9n\u00e9ral de l\u2019Union Marocaine du Travail, Khadija Zoumi, conseill\u00e8re charg\u00e9e de mission \u00e0 l\u2019Union G\u00e9n\u00e9rale des Travailleurs du Maroc, Khalid Alami Lahouir et Boukhalfa Bouchta, vice-secr\u00e9taires g\u00e9n\u00e9raux de la Conf\u00e9d\u00e9ration D\u00e9mocratique du Travail, Mohamed Zouiten, vice-secr\u00e9taire g\u00e9n\u00e9ral de l\u2019Union Nationale du Travail au Maroc, Abdelhamid Fatihi, secr\u00e9taire g\u00e9n\u00e9ral de la F\u00e9d\u00e9ration D\u00e9mocratique du Travail et Ali Lotfi, secr\u00e9taire g\u00e9n\u00e9ral de l\u2019Organisation D\u00e9mocratique du Travail.<\/p>\n<\/div>\n<p>Auteur: ALM<br \/>\n<a href=\"https:\/\/aujourdhui.ma\/actualite\/covid-19-le-chef-du-gouvernement-tient-une-reunion-avec-les-representants-des-centrales-syndicales\">Cliquez ici pour lire l&rsquo;article depuis sa source.<\/a><\/p>\n","protected":false},"excerpt":{"rendered":"<p>Le Chef du gouvernement, Aziz Akhannouch, a tenu, mercredi, une r\u00e9union avec les repr\u00e9sentants des centrales syndicales, ax\u00e9e notamment sur leur r\u00f4le dans la sensibilisation quant \u00e0 la n\u00e9cessit\u00e9 de l\u2019adh\u00e9sion des fonctionnaires et salari\u00e9s au parach\u00e8vement du protocole vaccinal pour pr\u00e9server la sant\u00e9 des citoyens et garantir un retour \u00e0 la vie normale. Cette [&hellip;]<\/p>\n","protected":false},"author":1759,"featured_media":0,"comment_status":"closed","ping_status":"closed","sticky":false,"template":"","format":"standard","meta":{"fifu_image_url":"https:\/\/aujourdhui.ma\/wp-content\/uploads\/2022\/02\/Akhannouch-Syndicats-Maroc-300x153.jpg","fifu_image_alt":"Covid-19 : le Chef du gouvernement tient une r\u00e9union avec les repr\u00e9sentants des centrales syndicales","footnotes":""},"categories":[73,54],"tags":[],"class_list":["post-140384","post","type-post","status-publish","format-standard","hentry","category-actualite","category-maroc"],"_links":{"self":[{"href":"https:\/\/linitiative.ca\/International\/wp-json\/wp\/v2\/posts\/140384","targetHints":{"allow":["GET"]}}],"collection":[{"href":"https:\/\/linitiative.ca\/International\/wp-json\/wp\/v2\/posts"}],"about":[{"href":"https:\/\/linitiative.ca\/International\/wp-json\/wp\/v2\/types\/post"}],"author":[{"embeddable":true,"href":"https:\/\/linitiative.ca\/International\/wp-json\/wp\/v2\/users\/1759"}],"replies":[{"embeddable":true,"href":"https:\/\/linitiative.ca\/International\/wp-json\/wp\/v2\/comments?post=140384"}],"version-history":[{"count":0,"href":"https:\/\/linitiative.ca\/International\/wp-json\/wp\/v2\/posts\/140384\/revisions"}],"wp:attachment":[{"href":"https:\/\/linitiative.ca\/International\/wp-json\/wp\/v2\/media?parent=140384"}],"wp:term":[{"taxonomy":"category","embeddable":true,"href":"https:\/\/linitiative.ca\/International\/wp-json\/wp\/v2\/categories?post=140384"},{"taxonomy":"post_tag","embeddable":true,"href":"https:\/\/linitiative.ca\/International\/wp-json\/wp\/v2\/tags?post=140384"}],"curies":[{"name":"wp","href":"https:\/\/api.w.org\/{rel}","templated":true}]}}