{"id":140386,"date":"2022-02-09T09:30:47","date_gmt":"2022-02-09T14:30:47","guid":{"rendered":"https:\/\/linitiative.ca\/International\/monia-touiss-devoile-son-echo-a-lif-de-rabat\/"},"modified":"2022-02-09T09:30:47","modified_gmt":"2022-02-09T14:30:47","slug":"monia-touiss-devoile-son-echo-a-lif-de-rabat","status":"publish","type":"post","link":"https:\/\/linitiative.ca\/International\/monia-touiss-devoile-son-echo-a-lif-de-rabat\/","title":{"rendered":"Monia Touiss d\u00e9voile son \u00abEcho\u00bb \u00e0 l\u2019IF de Rabat"},"content":{"rendered":"<div>\n<p><img loading=\"lazy\" decoding=\"async\" width=\"300\" height=\"153\" src=\"https:\/\/linitiative.ca\/International\/wp-content\/uploads\/sites\/23\/2022\/02\/Monia-Touiss-devoile-son-Echo-a-lIF-de-Rabat-300x153-1.jpg\" class=\"attachment-medium size-medium wp-post-image\" alt=\"\" srcset=\"https:\/\/linitiative.ca\/International\/wp-content\/uploads\/sites\/23\/2022\/02\/Monia-Touiss-devoile-son-Echo-a-lIF-de-Rabat-300x153-1.jpg 300w, https:\/\/aujourdhui.ma\/wp-content\/uploads\/2022\/02\/Monia-Touiss-devoile-son-Echo-a-lIF-de-Rabat-274x140.jpg 274w, https:\/\/aujourdhui.ma\/wp-content\/uploads\/2022\/02\/Monia-Touiss-devoile-son-Echo-a-lIF-de-Rabat.jpg 746w, https:\/\/aujourdhui.ma\/wp-content\/uploads\/2022\/02\/Monia-Touiss-devoile-son-Echo-a-lIF-de-Rabat-165x84.jpg 165w, https:\/\/aujourdhui.ma\/wp-content\/uploads\/2022\/02\/Monia-Touiss-devoile-son-Echo-a-lIF-de-Rabat-702x358.jpg 702w\" sizes=\"auto, (max-width: 300px) 100vw, 300px\"><\/p>\n<p><strong><span style=\"color: #800000;\">Sa nouvelle exposition est pr\u00e9vue du 16 f\u00e9vrier<\/span> au 17 mars 2022<\/strong><span id=\"more-399384\"><\/span><\/p>\n<p><span style=\"color: #000000;\">L\u2019artiste plasticienne hispano-marocaine Monia Touiss pr\u00e9sente sa nouvelle exposition, \u00abEcho\u00bb, \u00e0 l\u2019Institut fran\u00e7ais de Rabat du 16 f\u00e9vrier au 17 mars 2022.\u00a0<\/span>Il faut dire que la cr\u00e9ation de Monia Touiss est un ensemble d\u2019accords chromatiques r\u00e9partis sur la surface de la toile. Une r\u00e9partition con\u00e7ue avec la sensibilit\u00e9 d\u2019une po\u00e8te et le doigt\u00e9 d\u2019une peintre. La lumi\u00e8re, la perspective, la composition et la transparence des couleurs sugg\u00e8rent avec l\u00e9g\u00e8ret\u00e9 et finesse des paysages m\u00e9diterran\u00e9ens.<\/p>\n<p>A propos de son travail, l\u2019\u00e9crivain et grand amoureux du d\u00e9troit, Philippe Guiguet Bologne, t\u00e9moigne : \u00abUne lumi\u00e8re vient du fond de la toile. Voil\u00e0 une \u0153uvre \u00e9clair\u00e9e par elle-m\u00eame. Qui se suffit \u00e0 elle-m\u00eame. Elle dresse ses propres perspectives, allant de nulle part vers nulle part, points de fuite dessin\u00e9s, esquiss\u00e9s plut\u00f4t, pour animer la toile ou attirer l\u2019\u0153il et l\u2019emmener vers une cachette connue de soi seulement\u00bb. Et d\u2019ajouter que \u00abl\u2019artiste proc\u00e8de \u00e0 une forme de dissolution de l\u2019espace, comme un aboutissement du processus enclench\u00e9 par Nicolas de Sta\u00ebl. Outre les grands formats qui constituent son caract\u00e8re remarquable, cet art est avant tout une repr\u00e9sentation du monde \u00e0 la dimension du cosmos\u00bb.<br \/>\nC\u00e9ramiste et graveur, Monia Touiss vit entre le Maroc et l\u2019Espagne. En 1992, elle d\u00e9croche le Prix Mariano Bertuchi et le dipl\u00f4me de l\u2019\u00c9cole nationale des beaux-arts. L\u2019artiste d\u00e9tient un doctorat \u00abLa realidad asediada ; posicionamientos pictoricos\u00bb, de la Facult\u00e9 des beaux-arts de l\u2019Universit\u00e9 de Barcelone depuis 2000.<\/p>\n<p>Huit expositions personnelles lui ont \u00e9t\u00e9 consacr\u00e9es dans la capitale catalane entre 2000 et 2016, principalement \u00e0 la Galerie Safia, ou \u00e0 Stuttgart (2000), \u00e0 Cordoue (2004), \u00e0 la Cit\u00e9 internationale des arts de Paris, suite \u00e0 une r\u00e9sidence offerte par l\u2019ambassade de France au Maroc en 2002, \u00e0 Bogota (2011), \u00e0 l\u2019Institut fran\u00e7ais de Marrakech (2015) et \u00e0 Manama, \u00e0 Bahre\u00efn, \u00e0 la Albareh Art Gallery en 2016. Comme bon nombre de jeunes talents depuis deux ou trois g\u00e9n\u00e9rations, sa premi\u00e8re exposition fut organis\u00e9e par Dar Chebab de Tanger, en 1990. Elle pr\u00e9sente ses \u0153uvres dans une centaine d\u2019expositions collectives et de manifestations culturelles, majoritairement \u00e0 T\u00e9touan, notamment avec l\u2019Institut Cervant\u00e8s, puis en Espagne. Elle fait par ailleurs de tr\u00e8s r\u00e9guli\u00e8res interventions au Moussem d\u2019Asilah.<\/p>\n<\/div>\n<p>Auteur: ALM<br \/>\n<a href=\"https:\/\/aujourdhui.ma\/culture\/monia-touiss-devoile-son-echo-a-lif-de-rabat\">Cliquez ici pour lire l&rsquo;article depuis sa source.<\/a><\/p>\n","protected":false},"excerpt":{"rendered":"<p>Sa nouvelle exposition est pr\u00e9vue du 16 f\u00e9vrier au 17 mars 2022 L\u2019artiste plasticienne hispano-marocaine Monia Touiss pr\u00e9sente sa nouvelle exposition, \u00abEcho\u00bb, \u00e0 l\u2019Institut fran\u00e7ais de Rabat du 16 f\u00e9vrier au 17 mars 2022.\u00a0Il faut dire que la cr\u00e9ation de Monia Touiss est un ensemble d\u2019accords chromatiques r\u00e9partis sur la surface de la toile. Une [&hellip;]<\/p>\n","protected":false},"author":1759,"featured_media":0,"comment_status":"closed","ping_status":"closed","sticky":false,"template":"","format":"standard","meta":{"fifu_image_url":"https:\/\/aujourdhui.ma\/wp-content\/uploads\/2022\/02\/Monia-Touiss-devoile-son-Echo-a-lIF-de-Rabat-300x153.jpg","fifu_image_alt":"Monia Touiss d\u00e9voile son \u00abEcho\u00bb \u00e0 l\u2019IF de Rabat","footnotes":""},"categories":[73,54],"tags":[],"class_list":["post-140386","post","type-post","status-publish","format-standard","hentry","category-actualite","category-maroc"],"_links":{"self":[{"href":"https:\/\/linitiative.ca\/International\/wp-json\/wp\/v2\/posts\/140386","targetHints":{"allow":["GET"]}}],"collection":[{"href":"https:\/\/linitiative.ca\/International\/wp-json\/wp\/v2\/posts"}],"about":[{"href":"https:\/\/linitiative.ca\/International\/wp-json\/wp\/v2\/types\/post"}],"author":[{"embeddable":true,"href":"https:\/\/linitiative.ca\/International\/wp-json\/wp\/v2\/users\/1759"}],"replies":[{"embeddable":true,"href":"https:\/\/linitiative.ca\/International\/wp-json\/wp\/v2\/comments?post=140386"}],"version-history":[{"count":0,"href":"https:\/\/linitiative.ca\/International\/wp-json\/wp\/v2\/posts\/140386\/revisions"}],"wp:attachment":[{"href":"https:\/\/linitiative.ca\/International\/wp-json\/wp\/v2\/media?parent=140386"}],"wp:term":[{"taxonomy":"category","embeddable":true,"href":"https:\/\/linitiative.ca\/International\/wp-json\/wp\/v2\/categories?post=140386"},{"taxonomy":"post_tag","embeddable":true,"href":"https:\/\/linitiative.ca\/International\/wp-json\/wp\/v2\/tags?post=140386"}],"curies":[{"name":"wp","href":"https:\/\/api.w.org\/{rel}","templated":true}]}}