{"id":140388,"date":"2022-02-09T10:00:10","date_gmt":"2022-02-09T15:00:10","guid":{"rendered":"https:\/\/linitiative.ca\/International\/rachid-benabdellah-il-est-facile-dexposer-chez-le-prive-sans-problemes\/"},"modified":"2022-02-09T10:00:10","modified_gmt":"2022-02-09T15:00:10","slug":"rachid-benabdellah-il-est-facile-dexposer-chez-le-prive-sans-problemes","status":"publish","type":"post","link":"https:\/\/linitiative.ca\/International\/rachid-benabdellah-il-est-facile-dexposer-chez-le-prive-sans-problemes\/","title":{"rendered":"Rachid  Benabdellah : \u00abIl est facile d\u2019exposer chez le priv\u00e9 sans probl\u00e8mes\u00bb"},"content":{"rendered":"<div>\n<p><img loading=\"lazy\" decoding=\"async\" width=\"300\" height=\"153\" src=\"https:\/\/linitiative.ca\/International\/wp-content\/uploads\/sites\/23\/2022\/02\/Rachid-Benabdellah-Salon-du-cheval-d_E2_80_99El-Jadida-300x153-1.jpg\" class=\"attachment-medium size-medium wp-post-image\" alt=\"\" srcset=\"https:\/\/linitiative.ca\/International\/wp-content\/uploads\/sites\/23\/2022\/02\/Rachid-Benabdellah-Salon-du-cheval-d_E2_80_99El-Jadida-300x153-1.jpg 300w, https:\/\/aujourdhui.ma\/wp-content\/uploads\/2022\/02\/Rachid-Benabdellah-Salon-du-cheval-d_E2_80_99El-Jadida-274x140.jpg 274w, https:\/\/aujourdhui.ma\/wp-content\/uploads\/2022\/02\/Rachid-Benabdellah-Salon-du-cheval-d_E2_80_99El-Jadida.jpg 746w, https:\/\/aujourdhui.ma\/wp-content\/uploads\/2022\/02\/Rachid-Benabdellah-Salon-du-cheval-d_E2_80_99El-Jadida-165x84.jpg 165w, https:\/\/aujourdhui.ma\/wp-content\/uploads\/2022\/02\/Rachid-Benabdellah-Salon-du-cheval-d_E2_80_99El-Jadida-702x358.jpg 702w\" sizes=\"auto, (max-width: 300px) 100vw, 300px\"><\/p>\n<p><span style=\"color: #800000;\"><strong>Questions \u00e0 Rachid Benabdellah: Artiste-peintre marocain<\/strong><\/span><br \/>\n<span id=\"more-399390\"><\/span><\/p>\n<div class=\"base-box mom_box_sc_custom mom_box_sc clear\" style=\"-moz-border-radius: 5px; border-radius: 5px;background-color:#fdd8c6;\">\n\t\tL\u2019artiste-peintre Rachid Benabdellah a r\u00e9cemment expos\u00e9 ses \u0153uvres dans un caf\u00e9 \u00e0 Rabat. Nous sommes partis \u00e0 sa rencontre pour l\u2019interroger sur les raisons de cette d\u00e9cision. L\u2019occasion \u00e9galement de mieux d\u00e9couvrir la mani\u00e8re dont il a pr\u00e9serv\u00e9 sa cr\u00e9ativit\u00e9 en temps de corona, les manifestations qu\u2019il a initi\u00e9es avant cette p\u00e9riode, ainsi que ses projets.\n<\/div>\n<p><strong><span style=\"color: #ff0000;\">ALM <\/span>: Vous avez r\u00e9cemment expos\u00e9 vos \u0153uvres dans un caf\u00e9 \u00e0 Rabat. Qu\u2019est-ce qui vous a d\u00e9cid\u00e9 \u00e0 entreprendre une telle d\u00e9marche ?<\/strong><\/p>\n<p><strong>Rachid Benabdellah<\/strong> : D\u00e9j\u00e0, je l\u2019ai fait \u00e0 Auto Hall en plein espace de vente de voitures. C\u2019\u00e9tait \u00e0 l\u2019occasion de la journ\u00e9e de la femme et la premi\u00e8re \u00e9dition de la journ\u00e9e mondiale de l\u2019art que j\u2019ai organis\u00e9e. En fait, j\u2019\u00e9tais oblig\u00e9 de partir chez le priv\u00e9 parce qu\u2019il est facile de s\u2019entendre avec les responsables dans ce secteur et d\u2019exposer sans probl\u00e8mes. Pour ma part, j\u2019esp\u00e8re que les entraves aux expositions seront lev\u00e9es dans les salles d\u00e9di\u00e9es \u00e0 cet effet parce qu\u2019il y a des probl\u00e8mes dans ce sens. D\u2019abord, les espaces ne sont pas nombreux. Et ce n\u2019est pas facile de les r\u00e9server pour exposer, sans parler du c\u00f4t\u00e9 financier. Cela est d\u00e9courageant alors que cela permet \u00e0 l\u2019art d\u2019avancer dans le pays et d\u2019encourager les jeunes.<\/p>\n<p><strong>Qu\u2019en est-il de votre cr\u00e9ativit\u00e9 pendant la p\u00e9riode de Covid ? Comment l\u2019avez-vous conserv\u00e9e ?<\/strong><br \/>\nJe travaille toujours dans mon atelier malgr\u00e9 la Covid. Mon pinceau n\u2019a pas cess\u00e9 de cr\u00e9er et n\u2019a pas eu peur du virus. Avant la Covid, j\u2019ai particip\u00e9 avec des \u00e9tudiants et d\u2019autres artistes dans la facult\u00e9 des sciences dans une exposition \u00e0 laquelle nous avons \u00e9t\u00e9 invit\u00e9s. En 2021, ces \u00e9tudiants ont c\u00e9l\u00e9br\u00e9 la journ\u00e9e mondiale de l\u2019art et nous y ont invit\u00e9s surtout que je les ai inform\u00e9s des manifestations que j\u2019organise. Pour rappel, j\u2019ai particip\u00e9 au moins trois fois au Salon du cheval. C\u2019est une tr\u00e8s belle exp\u00e9rience o\u00f9 l\u2019on rencontre des artistes qui cr\u00e9ent autour du cheval \u00e0 leur mani\u00e8re. Je suis \u00e9galement habitu\u00e9 \u00e0 c\u00e9l\u00e9brer la journ\u00e9e mondiale de l\u2019art en avril et juin. J\u2019ai l\u2019ambition d\u2019\u00e9largir les activit\u00e9s de cette c\u00e9l\u00e9bration dans d\u2019autres villes apr\u00e8s l\u2019avoir organis\u00e9e \u00e0 Rabat, F\u00e8s et T\u00e9touan. Nous avons dans ce cadre expos\u00e9 150 \u0153uvres avec une cinquantaine d\u2019artistes-peintres. Aussi, l\u2019\u00e9v\u00e9nement de la f\u00eate de la musique que j\u2019organise avec la BNRM est une bonne opportunit\u00e9 qui permet aux artistes de s\u2019exprimer sur la musique \u00e0 leur mani\u00e8re. Mon objectif \u00e9tant d\u2019associer tous les arts le temps d\u2019une manifestation. Pour ma part, j\u2019ai pu allier cinq arts. Je veux en ajouter d\u2019autres. J\u2019invite \u00e9galement d\u2019autres artistes, notamment les chanteurs et les acteurs. J\u2019aime bien faire participer d\u2019autres artistes y compris les architectes et les sculpteurs outre des po\u00e8tes et des com\u00e9diens entre autres. Ce que j\u2019ai appr\u00e9ci\u00e9 dans ces manifestations que j\u2019ai initi\u00e9es avec d\u2019autres artistes c\u2019est ce que celles-ci ont commenc\u00e9 \u00e0 donner leurs r\u00e9sultats.<\/p>\n<p><strong>Auriez-vous des projets ?<\/strong><br \/>\nMon ambition c\u2019est d\u2019organiser une grande manifestation. Je suis en train d\u2019\u00e9changer avec un sponsor pour une manifestation nationale pour les enfants avec une comp\u00e9tition en arts plastiques. J\u2019aimerais bien aussi cr\u00e9er des salons d\u00e9di\u00e9s \u00e0 de nouvelles formes picturales au Maroc.<\/p>\n<\/div>\n<p>Auteur: Salima Guisser<br \/>\n<a href=\"https:\/\/aujourdhui.ma\/culture\/rachid-benabdellah-il-est-facile-dexposer-chez-le-prive-sans-problemes\">Cliquez ici pour lire l&rsquo;article depuis sa source.<\/a><\/p>\n","protected":false},"excerpt":{"rendered":"<p>Questions \u00e0 Rachid Benabdellah: Artiste-peintre marocain L\u2019artiste-peintre Rachid Benabdellah a r\u00e9cemment expos\u00e9 ses \u0153uvres dans un caf\u00e9 \u00e0 Rabat. Nous sommes partis \u00e0 sa rencontre pour l\u2019interroger sur les raisons de cette d\u00e9cision. L\u2019occasion \u00e9galement de mieux d\u00e9couvrir la mani\u00e8re dont il a pr\u00e9serv\u00e9 sa cr\u00e9ativit\u00e9 en temps de corona, les manifestations qu\u2019il a initi\u00e9es [&hellip;]<\/p>\n","protected":false},"author":1759,"featured_media":0,"comment_status":"closed","ping_status":"closed","sticky":false,"template":"","format":"standard","meta":{"fifu_image_url":"https:\/\/aujourdhui.ma\/wp-content\/uploads\/2022\/02\/Rachid-Benabdellah-Salon-du-cheval-d_E2_80_99El-Jadida-300x153.jpg","fifu_image_alt":"Rachid  Benabdellah : \u00abIl est facile d\u2019exposer chez le priv\u00e9 sans probl\u00e8mes\u00bb","footnotes":""},"categories":[73,54],"tags":[],"class_list":["post-140388","post","type-post","status-publish","format-standard","hentry","category-actualite","category-maroc"],"_links":{"self":[{"href":"https:\/\/linitiative.ca\/International\/wp-json\/wp\/v2\/posts\/140388","targetHints":{"allow":["GET"]}}],"collection":[{"href":"https:\/\/linitiative.ca\/International\/wp-json\/wp\/v2\/posts"}],"about":[{"href":"https:\/\/linitiative.ca\/International\/wp-json\/wp\/v2\/types\/post"}],"author":[{"embeddable":true,"href":"https:\/\/linitiative.ca\/International\/wp-json\/wp\/v2\/users\/1759"}],"replies":[{"embeddable":true,"href":"https:\/\/linitiative.ca\/International\/wp-json\/wp\/v2\/comments?post=140388"}],"version-history":[{"count":0,"href":"https:\/\/linitiative.ca\/International\/wp-json\/wp\/v2\/posts\/140388\/revisions"}],"wp:attachment":[{"href":"https:\/\/linitiative.ca\/International\/wp-json\/wp\/v2\/media?parent=140388"}],"wp:term":[{"taxonomy":"category","embeddable":true,"href":"https:\/\/linitiative.ca\/International\/wp-json\/wp\/v2\/categories?post=140388"},{"taxonomy":"post_tag","embeddable":true,"href":"https:\/\/linitiative.ca\/International\/wp-json\/wp\/v2\/tags?post=140388"}],"curies":[{"name":"wp","href":"https:\/\/api.w.org\/{rel}","templated":true}]}}