{"id":140390,"date":"2022-02-09T10:00:41","date_gmt":"2022-02-09T15:00:41","guid":{"rendered":"https:\/\/linitiative.ca\/International\/renault-ameliore-ses-parts-de-marche-de-168-en-janvier\/"},"modified":"2022-02-09T10:00:41","modified_gmt":"2022-02-09T15:00:41","slug":"renault-ameliore-ses-parts-de-marche-de-168-en-janvier","status":"publish","type":"post","link":"https:\/\/linitiative.ca\/International\/renault-ameliore-ses-parts-de-marche-de-168-en-janvier\/","title":{"rendered":"Renault am\u00e9liore ses parts de march\u00e9  de 16,8% en janvier"},"content":{"rendered":"<div>\n<p><img loading=\"lazy\" decoding=\"async\" width=\"300\" height=\"153\" src=\"https:\/\/linitiative.ca\/International\/wp-content\/uploads\/sites\/23\/2022\/02\/RENAULT-EXPRESS-300x153-1.jpg\" class=\"attachment-medium size-medium wp-post-image\" alt=\"\" srcset=\"https:\/\/linitiative.ca\/International\/wp-content\/uploads\/sites\/23\/2022\/02\/RENAULT-EXPRESS-300x153-1.jpg 300w, https:\/\/aujourdhui.ma\/wp-content\/uploads\/2022\/02\/RENAULT-EXPRESS-274x140.jpg 274w, https:\/\/aujourdhui.ma\/wp-content\/uploads\/2022\/02\/RENAULT-EXPRESS.jpg 746w, https:\/\/aujourdhui.ma\/wp-content\/uploads\/2022\/02\/RENAULT-EXPRESS-165x84.jpg 165w, https:\/\/aujourdhui.ma\/wp-content\/uploads\/2022\/02\/RENAULT-EXPRESS-702x358.jpg 702w\" sizes=\"auto, (max-width: 300px) 100vw, 300px\"><\/p>\n<p><span style=\"font-size: 20px; color: #800000;\"><strong>Renault poursuit le renforcement de ses parts de march\u00e9 gr\u00e2ce \u00e0 sa gamme de mod\u00e8les, malgr\u00e9 le contexte de crise \u00e9conomique et sanitaire.<\/strong><\/span> <span id=\"more-399459\"><\/span><\/p>\n<p>\u00abLa marque Renault consolide ses positions en am\u00e9liorant ses parts de march\u00e9 de 16,8% sur le mois de janvier, soit une progression de 4,9 points par rapport \u00e0 2021\u00bb, selon un communiqu\u00e9 de Renault Maroc.<br \/>\nForte d\u2019une gamme enti\u00e8rement renouvel\u00e9e et du lancement de Nouveau Renault Express en juin 2021, la marque automobile a pu r\u00e9aliser une performance commerciale notable durant le mois de janvier. Selon les derni\u00e8res donn\u00e9es communiqu\u00e9es, Renault a vendu quelque 2.095 unit\u00e9s au cours du mois \u00e9coul\u00e9, soit une croissance de plus de 31,2% de ses ventes par comparaison avec la m\u00eame p\u00e9riode de l\u2019ann\u00e9e 2021. La marque automobile a r\u00e9ussi \u00e0 conforter sa deuxi\u00e8me place du march\u00e9 avec une part de march\u00e9 de 16,8% au mois de janvier isol\u00e9, soit +4,9 points de progression par rapport \u00e0 l\u2019ann\u00e9e pr\u00e9c\u00e9dente.<\/p>\n<p><img loading=\"lazy\" decoding=\"async\" class=\"aligncenter size-full wp-image-399468\" src=\"https:\/\/linitiative.ca\/International\/wp-content\/uploads\/sites\/23\/2022\/02\/RENAULT-EXPRESS-VAN.jpg\" alt=\"\" width=\"746\" height=\"380\" srcset=\"https:\/\/linitiative.ca\/International\/wp-content\/uploads\/sites\/23\/2022\/02\/RENAULT-EXPRESS-VAN.jpg 746w, https:\/\/aujourdhui.ma\/wp-content\/uploads\/2022\/02\/RENAULT-EXPRESS-VAN-300x153.jpg 300w, https:\/\/aujourdhui.ma\/wp-content\/uploads\/2022\/02\/RENAULT-EXPRESS-VAN-274x140.jpg 274w, https:\/\/aujourdhui.ma\/wp-content\/uploads\/2022\/02\/RENAULT-EXPRESS-VAN-165x84.jpg 165w, https:\/\/aujourdhui.ma\/wp-content\/uploads\/2022\/02\/RENAULT-EXPRESS-VAN-702x358.jpg 702w\" sizes=\"auto, (max-width: 746px) 100vw, 746px\"><\/p>\n<p><span style=\"color: #ff0000;\"><strong>Grand succ\u00e8s de Renault Express<\/strong><\/span><\/p>\n<p>Fabriqu\u00e9 \u00e0 l\u2019usine Renault de Tanger, Renault Express conna\u00eet depuis son lancement officiel en juin 2021 un grand succ\u00e8s sur le march\u00e9 marocain. La marque automobile vient de faire part de 1.108 unit\u00e9s vendues avec 80,6% de part de segment. \u00abSur le mois de janvier isol\u00e9, Renault Express confirme sa vocation de leader en montant sur la premi\u00e8re marche du podium des meilleures ventes du march\u00e9 automobile national, toutes cat\u00e9gories confondues\u00bb, tient \u00e0 pr\u00e9ciser la m\u00eame source.<\/p>\n<p><strong>Leader du segment des v\u00e9hicules utilitaires<\/strong><\/p>\n<p>D\u2019un autre c\u00f4t\u00e9, Renault se distingue par une large gamme avec une multitude de possibilit\u00e9s de transformation de v\u00e9hicules utilitaires. Ainsi, la marque automobile a pu gagner du terrain et confirmer son leadership, \u00e0 travers ses deux mod\u00e8les phares, en l\u2019occurrence Renault Express Van et Renault Master, sur le march\u00e9 des v\u00e9hicules utilitaires. En se basant sur les derni\u00e8res donn\u00e9es li\u00e9es \u00e0 ce segment, Renault a r\u00e9alis\u00e9 sa plus belle performance sur ce march\u00e9 durant le mois de janvier 2022. Dans ce sens, la marque a enregistr\u00e9 au cours du mois \u00e9coul\u00e9 une augmentation de 18,4% de part de march\u00e9 et assur\u00e9 une \u00e9volution de +7,2 points comparativement avec la m\u00eame p\u00e9riode de l\u2019ann\u00e9e pr\u00e9c\u00e9dente.<\/p>\n<\/div>\n<p>Auteur: ALM<br \/>\n<a href=\"https:\/\/aujourdhui.ma\/automobile\/renault-ameliore-ses-parts-de-marche-de-168-en-janvier\">Cliquez ici pour lire l&rsquo;article depuis sa source.<\/a><\/p>\n","protected":false},"excerpt":{"rendered":"<p>Renault poursuit le renforcement de ses parts de march\u00e9 gr\u00e2ce \u00e0 sa gamme de mod\u00e8les, malgr\u00e9 le contexte de crise \u00e9conomique et sanitaire. \u00abLa marque Renault consolide ses positions en am\u00e9liorant ses parts de march\u00e9 de 16,8% sur le mois de janvier, soit une progression de 4,9 points par rapport \u00e0 2021\u00bb, selon un communiqu\u00e9 [&hellip;]<\/p>\n","protected":false},"author":1759,"featured_media":0,"comment_status":"closed","ping_status":"closed","sticky":false,"template":"","format":"standard","meta":{"fifu_image_url":"https:\/\/aujourdhui.ma\/wp-content\/uploads\/2022\/02\/RENAULT-EXPRESS-300x153.jpg","fifu_image_alt":"Renault am\u00e9liore ses parts de march\u00e9  de 16,8% en janvier","footnotes":""},"categories":[73,54],"tags":[],"class_list":["post-140390","post","type-post","status-publish","format-standard","hentry","category-actualite","category-maroc"],"_links":{"self":[{"href":"https:\/\/linitiative.ca\/International\/wp-json\/wp\/v2\/posts\/140390","targetHints":{"allow":["GET"]}}],"collection":[{"href":"https:\/\/linitiative.ca\/International\/wp-json\/wp\/v2\/posts"}],"about":[{"href":"https:\/\/linitiative.ca\/International\/wp-json\/wp\/v2\/types\/post"}],"author":[{"embeddable":true,"href":"https:\/\/linitiative.ca\/International\/wp-json\/wp\/v2\/users\/1759"}],"replies":[{"embeddable":true,"href":"https:\/\/linitiative.ca\/International\/wp-json\/wp\/v2\/comments?post=140390"}],"version-history":[{"count":0,"href":"https:\/\/linitiative.ca\/International\/wp-json\/wp\/v2\/posts\/140390\/revisions"}],"wp:attachment":[{"href":"https:\/\/linitiative.ca\/International\/wp-json\/wp\/v2\/media?parent=140390"}],"wp:term":[{"taxonomy":"category","embeddable":true,"href":"https:\/\/linitiative.ca\/International\/wp-json\/wp\/v2\/categories?post=140390"},{"taxonomy":"post_tag","embeddable":true,"href":"https:\/\/linitiative.ca\/International\/wp-json\/wp\/v2\/tags?post=140390"}],"curies":[{"name":"wp","href":"https:\/\/api.w.org\/{rel}","templated":true}]}}