{"id":140399,"date":"2022-02-08T13:00:00","date_gmt":"2022-02-08T18:00:00","guid":{"rendered":"https:\/\/linitiative.ca\/International\/les-derapages-et-les-derives-de-la-majorite-sont-innombrables-et-inadmissibles\/"},"modified":"2022-02-08T13:00:00","modified_gmt":"2022-02-08T18:00:00","slug":"les-derapages-et-les-derives-de-la-majorite-sont-innombrables-et-inadmissibles","status":"publish","type":"post","link":"https:\/\/linitiative.ca\/International\/les-derapages-et-les-derives-de-la-majorite-sont-innombrables-et-inadmissibles\/","title":{"rendered":"Les d\u00e9rapages et les d\u00e9rives de la majorit\u00e9 sont innombrables et inadmissibles"},"content":{"rendered":"<div>\n<p class=\"has-text-align-center has-text-color\" style=\"color:#065de5\"><strong>Conf\u00e9rence de presse des partis de l\u2019opposition parlementaire<\/strong><\/p>\n<p class=\"has-text-align-right has-black-color has-text-color\">M\u2019Barek TAFSI<\/p>\n<p class=\"has-black-color has-text-color\"><strong>Poursuivant leur coordination depuis la pr\u00e9sentation et l\u2019adoption de la Loi de Finances 2022, les groupes parlementaires du progr\u00e8s et du socialisme (PPS), socialiste (USF), Haraki (MP) et le groupement de la justice et du d\u00e9veloppement (PJD) ont organis\u00e9, lundi, une conf\u00e9rence de presse \u00e0 l\u2019occasion de la cl\u00f4ture de la session parlementaire d\u2019automne, soulignant que la domination, l\u2019h\u00e9g\u00e9monie, les d\u00e9rapages et les d\u00e9rives de la majorit\u00e9 n\u00e9cessitent de leur part davantage de coordination et d\u2019action commune pour la sauvegarde du processus\u00a0 d\u00e9mocratique dans le pays et du r\u00f4le du Parlement.<\/strong><\/p>\n<p class=\"has-black-color has-text-color\">Et ce ne sont pas les points de convergence qui manquent \u00e0 ces composantes pour renforcer davantage leurs concertations et leur action commune pour contrer la domination et les d\u00e9rives de la majorit\u00e9, a indiqu\u00e9 le pr\u00e9sident du groupe du progr\u00e8s et du socialisme, Rachid Hamouni, qui animait cette rencontre avec la presse en pr\u00e9sence des pr\u00e9sidents des autres groupes Abderrahim Chahid (socialiste), Idriss Sentissi (Haraki) et Abdellah Bouanou (PJD).<\/p>\n<p class=\"has-black-color has-text-color\">Apr\u00e8s avoir salu\u00e9 la pr\u00e9sence en grand nombre de journalistes \u00e0 cette conf\u00e9rence, qui t\u00e9moigne de l\u2019int\u00e9r\u00eat particulier qu\u2019accorde la presse s\u00e9rieuse aux pr\u00e9occupations du pays et du peuple, Hamouni a estim\u00e9 que ceci est \u00e0 m\u00eame d\u2019encourager l\u2019opposition parlementaire de chercher \u00e0 renforcer son action commune.<\/p>\n<p class=\"has-vivid-cyan-blue-color has-text-color\"><strong><em>Un gouvernement de technocrates avec des ministres qui se comportent comme des hauts fonctionnaires<\/em><\/strong><\/p>\n<p class=\"has-black-color has-text-color\">R\u00e9agissant aux questions des journalistes, Hamouni n\u2019a pas manqu\u00e9 de souligner la contradiction entre les r\u00e9sultats des \u00e9lections sens\u00e9s donner lieu \u00e0 un gouvernement \u00ab\u00a0politique\u00a0\u00bb compos\u00e9 essentiellement de capacit\u00e9s politiques d\u2019une part et l\u2019existence en grand nombre de technocrates ou de membres \u00ab\u00a0emprunt\u00e9s\u00a0\u00bb \u00e0 des partis politiques d\u2019autre part, selon la remarque d\u2019un intervenant. \u00a0<\/p>\n<p class=\"has-black-color has-text-color\">La coordination entre les groupes et le groupement s\u2019est impos\u00e9e, suite \u00e0 la formation du gouvernement compos\u00e9 de trois partis politiques mais dont sept (7) ministres seulement sont issus de ces formations, alors que 17 autres n\u2019ont rien \u00e0 voir avec ces partis politiques, selon le pr\u00e9sident du GPS.<\/p>\n<p class=\"has-black-color has-text-color\">C\u2019est un gouvernement technocrate, dont les membres se comportent non pas comme des titulaires de portefeuilles minist\u00e9riels et politiques mais comme de hauts fonctionnaires de l\u2019administration publique.<\/p>\n<p class=\"has-black-color has-text-color\">A travers la pr\u00e9sentation de son programme, le gouvernement dont les composantes se targuent d\u2019\u00eatre de tendance lib\u00e9rale ont fait savoir qu\u2019ils se sont fix\u00e9s pour objectif d\u2019\u0153uvrer pour la promotion d\u2019un Etat social, une annonce salu\u00e9e par le PPS, qui appelle depuis une longue date \u00e0 un Etat providence qui joue pleinement son r\u00f4le au service de la soci\u00e9t\u00e9.<\/p>\n<p class=\"has-black-color has-text-color\">Malheureusement, a-t-il dit, cette orientation a \u00e9t\u00e9 vite abandonn\u00e9e \u00e0 travers la Loi de Finances, par laquelle le gouvernement s\u2019est r\u00e9tract\u00e9 des engagements pris dans la d\u00e9claration gouvernementale.<\/p>\n<p class=\"has-black-color has-text-color\">Apr\u00e8s la pr\u00e9sentation de la Loi de Finances, on s\u2019est aper\u00e7u au niveau de tous les groupes et du groupement de l\u2019opposition, qu\u2019il y a une contradiction entre celle-ci et ce qui a annonc\u00e9 dans la d\u00e9claration gouvernementale.<\/p>\n<p class=\"has-vivid-cyan-blue-color has-text-color\"><strong><em>L\u2019Etat social scand\u00e9 par le gouvernement n\u2019est qu\u2019un leurre, un slogan creux<\/em><\/strong><\/p>\n<p class=\"has-black-color has-text-color\">L\u2019Etat social annonc\u00e9 manque de ressources et de moyens pour sa r\u00e9alisation. Rien n\u2019est pr\u00e9vu pour son financement \u00e0 travers la r\u00e9forme fiscale, tant attendue ou l\u2019augmentation des ressources et la mise en place d\u2019un imp\u00f4t sur la fortune.<\/p>\n<p class=\"has-black-color has-text-color\">Au niveau de la justice spatiale, le budget pr\u00e9vu a \u00e9t\u00e9 revu \u00e0 la baisse. Il a \u00e9t\u00e9 ramen\u00e9 \u00e0 2 milliards de Dirhams au lieu de 3 milliards lors du dernier mandat gouvernemental.<\/p>\n<p class=\"has-vivid-cyan-blue-color has-text-color\"><strong><em>Pour un d\u00e9bat politique national<\/em><\/strong><\/p>\n<p class=\"has-black-color has-text-color\">A travers l\u2019organisation de cette rencontre avec la participation de la presse nationale, les groupes ici pr\u00e9sents cherchent \u00e0 initier un d\u00e9bat national qui fait d\u00e9faut, apr\u00e8s que le chef du gouvernement ait choisi de s\u2019adresser \u00e0 l\u2019opinion publique nationale \u00e0 travers les m\u00e9dias publics (Al Oula et 2M) au lieu de venir d\u00e9fendre devant les parlementaires le bilan d\u2019\u00e9tape des 100 premiers jours du mandat de son gouvernement.\u00a0 En agissant de la sorte, il a emp\u00each\u00e9 tout d\u00e9bat au sein du parlement \u00e0 propos de ce bilan somme toute tr\u00e8s maigre.<\/p>\n<p class=\"has-vivid-cyan-blue-color has-text-color\"><strong><em>Le secret impos\u00e9 sur les travaux des commissions parlementaires<\/em><\/strong><\/p>\n<p class=\"has-black-color has-text-color\">Ceci est \u00e9galement li\u00e9 au secret impos\u00e9 sur les travaux des commissions parlementaires d\u00e9cid\u00e9 par le pr\u00e9sident de la Chambre des Repr\u00e9sentants pour marginaliser le parlement et ses composantes. On a m\u00eame refus\u00e9 de lever ce secret sur les travaux de certaines commissions parlementaires\u00a0en violation flagrante du r\u00e8glement int\u00e9rieur pour emp\u00eacher d\u2019informer l\u2019opinion publique sur l\u2019\u00e9volution de la situation \u00e9pid\u00e9miologique (Omicron) et donner des \u00e9claircissements sur le chantier des Awrachs.<\/p>\n<p class=\"has-black-color has-text-color\">\u00a0Les d\u00e9cisions prises par le bureau de la Chambre des Repr\u00e9sentants \u00e0 ce sujet privent les citoyennes et les citoyens de leur droit \u00e0 l\u2019information, a-t-il martel\u00e9.<\/p>\n<p class=\"has-vivid-cyan-blue-color has-text-color\"><strong><em>Le retrait des projets de loi visent la protection des privil\u00e8ges et de la rente<\/em><\/strong><\/p>\n<p class=\"has-black-color has-text-color\">S\u2019agissant de la question du retrait de certains projets de loi pr\u00e9cis qui sont au nombre de quatre (4), il est \u00e0 noter que personne ne conteste au chef du gouvernement son droit constitutionnel et l\u00e9gal de le faire. Toutefois, il faut souligner qu\u2019il est tenu de s\u2019expliquer et d\u2019\u00e9clairer l\u2019opinion publique sur leur sort.<\/p>\n<p class=\"has-black-color has-text-color\">Les projets retir\u00e9s ont \u00e9t\u00e9 s\u00e9lectionn\u00e9s:\u00a0\u00a0<\/p>\n<p class=\"has-black-color has-text-color\">Il s\u2019agit du code p\u00e9nal, qui a \u00e9t\u00e9 bloqu\u00e9 par le RNI lors du dernier mandat pour un article consacr\u00e9 \u00e0 l\u2019enrichissement illicite.<\/p>\n<p class=\"has-black-color has-text-color\">Il s\u2019agit aussi du projet concernant l\u2019occupation du domaine public, qui a \u00e9t\u00e9 \u00e9galement \u00a0bloqu\u00e9 lors du dernier mandat. Son retrait vise \u00e0 prot\u00e9ger ceux \u00e0 qui profite cette situation d\u2019occupation du domaine public\u00a0notamment maritime. \u00a0\u00a0<\/p>\n<p class=\"has-black-color has-text-color\">L\u2019op\u00e9ration de retrait ne vise donc \u00e0 premi\u00e8re vue qu\u2019\u00e0 la \u00a0protection de la rente et de la pr\u00e9varication et contredit totalement le slogan de l\u2019Etat social du gouvernement.<\/p>\n<p class=\"has-vivid-cyan-blue-color has-text-color\"><strong><em>La coordination au sein de l\u2019opposition<\/em><\/strong><\/p>\n<p class=\"has-black-color has-text-color\">Pour le renforcement de la coordination de leurs actions, les groupes et le groupement parlementaires, a-t-il rappel\u00e9, ont pris l\u2019engagement d\u2019\u0153uvrer dans ce sens en axant leur action \u00e0 propos de leurs points de convergence.<\/p>\n<p class=\"has-black-color has-text-color\">S\u2019agissant du traitement r\u00e9serv\u00e9 par le gouvernement aux questions de l\u2019opposition, il a rappel\u00e9 que cette derni\u00e8re a pr\u00e9sent\u00e9 diverses propositions pour stopper l\u2019augmentation des prix et en particulier des carburants. Il a \u00e9t\u00e9 propos\u00e9 au gouvernement d\u2019agir non pas pour arr\u00eater ces prix \u00e0 l\u2019international mais pour soutenir les citoyens et en particulier la classe moyenne.<\/p>\n<p class=\"has-black-color has-text-color\">Mieux encore, il lui est toujours possible d\u2019exploiter les capacit\u00e9s de stockage de la SAMIR pour r\u00e9duire les pertes dans ce domaine qui se traduisent par des augmentations vertigineuses des prix, qui impactent tous les secteurs de la vie.<\/p>\n<p class=\"has-black-color has-text-color\">Le groupe du progr\u00e8s et du socialisme a appel\u00e9 au plafonnement des prix des carburants, mais le gouvernement a pr\u00e9f\u00e9r\u00e9 ignorer cette demande.<\/p>\n<p class=\"has-black-color has-text-color\">Le pays connait aujourd\u2019hui une ann\u00e9e de s\u00e9cheresse. Le gouvernement tarde \u00e0 intervenir pour soutenir les petits agriculteurs, a-t-il ajout\u00e9.<\/p>\n<p class=\"has-vivid-cyan-blue-color has-text-color\"><strong><em><u>Minute de silence \u00e0 la m\u00e9moire de Rayan<\/u><\/em><\/strong><\/p>\n<p class=\"has-black-color has-text-color\">Au d\u00e9but de cette rencontre, rappelle-t-on, l\u2019assistance avait observ\u00e9 une minute de silence et lu la Fatiha \u00e0 la m\u00e9moire de feu Rayan, l\u2019enfant rest\u00e9 coinc\u00e9 pendant cinq jours \u00e0 32 m\u00e8tres de profondeur dans un puits et dont l\u2019histoire tragique a suscit\u00e9 une vive \u00e9motion et un mouvement de solidarit\u00e9 aux niveaux national et international.<\/p>\n<p class=\"has-black-color has-text-color\">Tous les pr\u00e9sidents lui ont rendu hommage et \u00e9lev\u00e9 des pri\u00e8res pour le repos de son \u00e2me. Ils n\u2019ont pas manqu\u00e9 d\u2019exprimer aussi leur satisfaction \u00e0 l\u2019\u00e9gard des efforts qui ont \u00e9t\u00e9 d\u00e9ploy\u00e9s par tous les intervenants (autorit\u00e9s, forces de l\u2019ordre, soci\u00e9t\u00e9 civile et autres) pour tenter de sauver le d\u00e9funt.<\/p>\n<p class=\"has-black-color has-text-color\">\u00a0 \u00a0Ils en ont \u00e9galement profit\u00e9 pour appeler au respect des lois relatives au creusage des puits et \u00e0 l\u2019exploitation des eaux souterraines et rappeler au gouvernement sa responsabilit\u00e9 d\u2019agir pour assurer l\u2019approvisionnement en eau potable de toutes les villes, les campagnes et les localit\u00e9s du Maroc tout entier, o\u00f9 les effets de la s\u00e9cheresse se font d\u00e9j\u00e0 sentir.<\/p>\n<p class=\"has-vivid-cyan-blue-color has-text-color\"><strong><em>Bilan maigre de la session d\u2019automne avec seulement trois projets de lois<\/em><\/strong><\/p>\n<p class=\"has-black-color has-text-color\">Dans un communiqu\u00e9 conjoint, les composantes de l\u2019opposition parlementaire d\u00e9noncent en effet les tentatives de leur marginalisation pour les emp\u00eacher de s\u2019exprimer, le refus du chef du gouvernement de venir r\u00e9pondre aux d\u00e9put\u00e9s lors de la s\u00e9ance mensuelle consacr\u00e9e \u00e0 la politique g\u00e9n\u00e9rale du gouvernement, car il \u00ab\u00a0pr\u00e9f\u00e8re travailler sans parler\u00a0\u00bb, dit-il. Durant quatre mois, il n\u2019est venu s\u2019expliquer que deux fois seulement au lieu de quatre.<\/p>\n<p class=\"has-black-color has-text-color\">Plusieurs ministres refusent \u00e9galement de venir r\u00e9pondre aux d\u00e9put\u00e9s et quand ils viennent s\u2019expliquer, ils r\u00e9pondent de mani\u00e8re g\u00e9n\u00e9rale et vague aux interrogations.<\/p>\n<p class=\"has-black-color has-text-color\">Quant aux propositions de loi de l\u2019opposition, elles sont syst\u00e9matiquement ignor\u00e9es par le gouvernement qui assume la pleine responsabilit\u00e9 de la faiblesse du rendement l\u00e9gislatif de la session d\u2019automne qui vient de s\u2019achever. La Chambre des Repr\u00e9sentants n\u2019a adopt\u00e9 en tout et pour tout, durant cette session, que trois textes l\u00e9gislatifs (Loi de Finances 2022, loi d\u2019apurement relative \u00e0 l\u2019ex\u00e9cution de la Loi de Finances 2019 et loi organique pour la nomination aux hautes fonctions), outre 14 conventions internationales.<\/p>\n<p>L\u2019article <a rel=\"nofollow\" href=\"http:\/\/albayane.press.ma\/les-derapages-et-les-derives-de-la-majorite-sont-innombrables-et-inadmissibles.html\">Les d\u00e9rapages et les d\u00e9rives de la majorit\u00e9 sont innombrables et inadmissibles<\/a> est apparu en premier sur <a rel=\"nofollow\" href=\"http:\/\/albayane.press.ma\/\">ALBAYANE<\/a>.<\/p>\n<\/div>\n<p>Auteur: M&rsquo;hammed rahal<br \/>\n<a href=\"http:\/\/albayane.press.ma\/les-derapages-et-les-derives-de-la-majorite-sont-innombrables-et-inadmissibles.html\">Cliquez ici pour lire l&rsquo;article depuis sa source.<\/a><\/p>\n","protected":false},"excerpt":{"rendered":"<p>Conf\u00e9rence de presse des partis de l\u2019opposition parlementaire M\u2019Barek TAFSI Poursuivant leur coordination depuis la pr\u00e9sentation et l\u2019adoption de la Loi de Finances 2022, les groupes parlementaires du progr\u00e8s et du socialisme (PPS), socialiste (USF), Haraki (MP) et le groupement de la justice et du d\u00e9veloppement (PJD) ont organis\u00e9, lundi, une conf\u00e9rence de presse \u00e0 [&hellip;]<\/p>\n","protected":false},"author":1760,"featured_media":0,"comment_status":"closed","ping_status":"closed","sticky":false,"template":"","format":"standard","meta":{"fifu_image_url":"","fifu_image_alt":"","footnotes":""},"categories":[73,54],"tags":[],"class_list":["post-140399","post","type-post","status-publish","format-standard","hentry","category-actualite","category-maroc"],"_links":{"self":[{"href":"https:\/\/linitiative.ca\/International\/wp-json\/wp\/v2\/posts\/140399","targetHints":{"allow":["GET"]}}],"collection":[{"href":"https:\/\/linitiative.ca\/International\/wp-json\/wp\/v2\/posts"}],"about":[{"href":"https:\/\/linitiative.ca\/International\/wp-json\/wp\/v2\/types\/post"}],"author":[{"embeddable":true,"href":"https:\/\/linitiative.ca\/International\/wp-json\/wp\/v2\/users\/1760"}],"replies":[{"embeddable":true,"href":"https:\/\/linitiative.ca\/International\/wp-json\/wp\/v2\/comments?post=140399"}],"version-history":[{"count":0,"href":"https:\/\/linitiative.ca\/International\/wp-json\/wp\/v2\/posts\/140399\/revisions"}],"wp:attachment":[{"href":"https:\/\/linitiative.ca\/International\/wp-json\/wp\/v2\/media?parent=140399"}],"wp:term":[{"taxonomy":"category","embeddable":true,"href":"https:\/\/linitiative.ca\/International\/wp-json\/wp\/v2\/categories?post=140399"},{"taxonomy":"post_tag","embeddable":true,"href":"https:\/\/linitiative.ca\/International\/wp-json\/wp\/v2\/tags?post=140399"}],"curies":[{"name":"wp","href":"https:\/\/api.w.org\/{rel}","templated":true}]}}