{"id":140400,"date":"2022-02-08T13:00:00","date_gmt":"2022-02-08T18:00:00","guid":{"rendered":"https:\/\/linitiative.ca\/International\/doha-reitere-son-soutien-total-a-lintegrite-territoriale-du-maroc\/"},"modified":"2022-02-08T13:00:00","modified_gmt":"2022-02-08T18:00:00","slug":"doha-reitere-son-soutien-total-a-lintegrite-territoriale-du-maroc","status":"publish","type":"post","link":"https:\/\/linitiative.ca\/International\/doha-reitere-son-soutien-total-a-lintegrite-territoriale-du-maroc\/","title":{"rendered":"Doha r\u00e9it\u00e8re son soutien total \u00e0 l\u2019int\u00e9grit\u00e9 territoriale du Maroc"},"content":{"rendered":"<div>\n<p class=\"has-text-align-center has-vivid-red-color has-text-color\"><strong>Haute commission mixte maroco-qatarie<\/strong><\/p>\n<p class=\"has-black-color has-text-color\"><strong>L\u2019Etat du Qatar a r\u00e9it\u00e9r\u00e9, lundi, son soutien total \u00e0 l\u2019int\u00e9grit\u00e9 territoriale du Royaume du Maroc et \u00e0 l\u2019Initiative d\u2019autonomie comme base pour le r\u00e8glement du conflit artificiel autour du Sahara marocain.<\/strong><\/p>\n<p class=\"has-black-color has-text-color\">Toute solution \u00e0 cette question ne peut \u00eatre envisag\u00e9e que dans le cadre de la souverainet\u00e9 du Maroc, de son int\u00e9grit\u00e9 territoriale et de son unit\u00e9 nationale, a soulign\u00e9 Doha, qui a r\u00e9affirm\u00e9 son soutien \u00e0 la marocanit\u00e9 du Sahara \u00e0 l\u2019occasion de la 8\u00e8me session de la Haute Commission mixte maroco-qatarie, tenue sous la copr\u00e9sidence du Premier ministre et ministre de l\u2019Int\u00e9rieur du Qatar, Cheikh Khalid bin Khalifa Al-Thani, et du chef du gouvernement, Aziz Akhannouch.<\/p>\n<p class=\"has-black-color has-text-color\">A l\u2019ouverture de cette r\u00e9union, les deux parties ont exprim\u00e9 leur satisfaction quant au niveau distingu\u00e9 atteint par les relations bilat\u00e9rales dans diff\u00e9rents domaines, affirmant leur d\u00e9termination \u00e0 donner un nouvel \u00e9lan \u00e0 leur coop\u00e9ration au profit des deux peuples fr\u00e8res.<\/p>\n<p class=\"has-black-color has-text-color\">Elles ont abord\u00e9 les diff\u00e9rents domaines de coop\u00e9ration bilat\u00e9rale, insistant sur l\u2019importance de la coordination et de la concertation politique, ainsi que sur l\u2019action commune pour le bien des deux pays fr\u00e8res, indique le proc\u00e8s verbal de la session.<br \/>Les deux parties ont pass\u00e9 en revue les r\u00e9sultats des r\u00e9unions du Comit\u00e9 pr\u00e9paratoire et celles des ministres et fait part de leur entente sur un ensemble de questions.<\/p>\n<p class=\"has-black-color has-text-color\">En mati\u00e8re de coop\u00e9ration sectorielle, la Commission a appel\u00e9 \u00e0 la mise en \u0153uvre de l\u2019accord de coop\u00e9ration dans le domaine du transport maritime, sign\u00e9 en avril 2016, \u00e0 travers la formation d\u2019un groupe de travail mixte, qui \u00e9tablira un plan de travail pour l\u2019ex\u00e9cution des axes dudit accord.<br \/>S\u2019agissant du transport a\u00e9rien, la Commission a appel\u00e9 au d\u00e9veloppement d\u2019un partenariat rassemblant l\u2019Acad\u00e9mie Mohammed VI de l\u2019aviation civile et l\u2019Acad\u00e9mie a\u00e9ronautique du Qatar, \u00e0 travers l\u2019activation des domaines de coop\u00e9ration cit\u00e9s dans le m\u00e9morandum d\u2019entente<\/p>\n<p class=\"has-black-color has-text-color\">Les travaux de cette session ont \u00e9t\u00e9 sanctionn\u00e9s par la signature de m\u00e9morandums d\u2019entente sur la coop\u00e9ration dans les domaines des Habous et des Affaires islamiques, le Tourisme et le contr\u00f4le financier entre le Bureau d\u2019audit de l\u2019\u00c9tat du Qatar et la Cour des comptes marocaine.<br \/>Les accords sign\u00e9s concernent \u00e9galement le 5\u00e8me programme ex\u00e9cutif de l\u2019accord de coop\u00e9ration culturelle et artistique (2022-2025), le 3\u00e8me programme ex\u00e9cutif dans le domaine de la jeunesse (2023-2024) ainsi que le 2\u00e8me programme ex\u00e9cutif de coop\u00e9ration dans le domaine des Sports (2022-2023).<\/p>\n<p>L\u2019article <a rel=\"nofollow\" href=\"http:\/\/albayane.press.ma\/doha-reitere-son-soutien-total-a-lintegrite-territoriale-du-maroc.html\">Doha r\u00e9it\u00e8re son soutien total \u00e0 l\u2019int\u00e9grit\u00e9 territoriale du Maroc<\/a> est apparu en premier sur <a rel=\"nofollow\" href=\"http:\/\/albayane.press.ma\/\">ALBAYANE<\/a>.<\/p>\n<\/div>\n<p>Auteur: M&rsquo;hammed rahal<br \/>\n<a href=\"http:\/\/albayane.press.ma\/doha-reitere-son-soutien-total-a-lintegrite-territoriale-du-maroc.html\">Cliquez ici pour lire l&rsquo;article depuis sa source.<\/a><\/p>\n","protected":false},"excerpt":{"rendered":"<p>Haute commission mixte maroco-qatarie L\u2019Etat du Qatar a r\u00e9it\u00e9r\u00e9, lundi, son soutien total \u00e0 l\u2019int\u00e9grit\u00e9 territoriale du Royaume du Maroc et \u00e0 l\u2019Initiative d\u2019autonomie comme base pour le r\u00e8glement du conflit artificiel autour du Sahara marocain. Toute solution \u00e0 cette question ne peut \u00eatre envisag\u00e9e que dans le cadre de la souverainet\u00e9 du Maroc, de [&hellip;]<\/p>\n","protected":false},"author":1760,"featured_media":0,"comment_status":"closed","ping_status":"closed","sticky":false,"template":"","format":"standard","meta":{"fifu_image_url":"","fifu_image_alt":"","footnotes":""},"categories":[73,54],"tags":[],"class_list":["post-140400","post","type-post","status-publish","format-standard","hentry","category-actualite","category-maroc"],"_links":{"self":[{"href":"https:\/\/linitiative.ca\/International\/wp-json\/wp\/v2\/posts\/140400","targetHints":{"allow":["GET"]}}],"collection":[{"href":"https:\/\/linitiative.ca\/International\/wp-json\/wp\/v2\/posts"}],"about":[{"href":"https:\/\/linitiative.ca\/International\/wp-json\/wp\/v2\/types\/post"}],"author":[{"embeddable":true,"href":"https:\/\/linitiative.ca\/International\/wp-json\/wp\/v2\/users\/1760"}],"replies":[{"embeddable":true,"href":"https:\/\/linitiative.ca\/International\/wp-json\/wp\/v2\/comments?post=140400"}],"version-history":[{"count":0,"href":"https:\/\/linitiative.ca\/International\/wp-json\/wp\/v2\/posts\/140400\/revisions"}],"wp:attachment":[{"href":"https:\/\/linitiative.ca\/International\/wp-json\/wp\/v2\/media?parent=140400"}],"wp:term":[{"taxonomy":"category","embeddable":true,"href":"https:\/\/linitiative.ca\/International\/wp-json\/wp\/v2\/categories?post=140400"},{"taxonomy":"post_tag","embeddable":true,"href":"https:\/\/linitiative.ca\/International\/wp-json\/wp\/v2\/tags?post=140400"}],"curies":[{"name":"wp","href":"https:\/\/api.w.org\/{rel}","templated":true}]}}