{"id":140401,"date":"2022-02-08T13:00:00","date_gmt":"2022-02-08T18:00:00","guid":{"rendered":"https:\/\/linitiative.ca\/International\/le-qatar-salue-les-efforts-de-sa-majeste-le-roi\/"},"modified":"2022-02-08T13:00:00","modified_gmt":"2022-02-08T18:00:00","slug":"le-qatar-salue-les-efforts-de-sa-majeste-le-roi","status":"publish","type":"post","link":"https:\/\/linitiative.ca\/International\/le-qatar-salue-les-efforts-de-sa-majeste-le-roi\/","title":{"rendered":"Le Qatar salue les efforts de Sa Majest\u00e9 le Roi"},"content":{"rendered":"<div>\n<p class=\"has-text-align-center has-vivid-red-color has-text-color\"><strong>Pour la d\u00e9fense d\u2019Al-Qods Al-Charif<\/strong><\/p>\n<p class=\"has-black-color has-text-color\"><strong>Le Qatar a salu\u00e9 les efforts continus d\u00e9ploy\u00e9s par Sa Majest\u00e9 le Roi Mohammed VI, Pr\u00e9sident du Comit\u00e9 Al-Qods, afin de d\u00e9fendre Al-Qods Al-Charif et ses habitants.<\/strong><\/p>\n<p class=\"has-black-color has-text-color\">A l\u2019occasion de la huiti\u00e8me session de la Haute commission mixte maroco-qatarie, tenue lundi \u00e0 Doha, sous la copr\u00e9sidence du Premier ministre qatari et ministre de l\u2019Int\u00e9rieur Cheikh Khalid Bin Khalifa Al Thani, et le Chef du gouvernement, Aziz Akhannouch, le Qatar a \u00e9galement salu\u00e9 les efforts de Sa Majest\u00e9 le Roi pour sauvegarder la Ville Sainte et son identit\u00e9 civilisationnelle et pr\u00e9server sa position en tant que symbole de tol\u00e9rance et de coexistence entre les diff\u00e9rentes religions monoth\u00e9istes, ainsi que les projets \u00e0 caract\u00e8re humanitaire et social mis en \u0153uvre par l\u2019Agence Bayt Mal Al-Qods Al-Charif, le bras ex\u00e9cutif du Comit\u00e9, pour installer les Maqdessis sur leur terre et soutenir leur r\u00e9sistance.<\/p>\n<p class=\"has-black-color has-text-color\">Le proc\u00e8s-verbal ayant sanctionn\u00e9e les travaux de la Commission a r\u00e9it\u00e9r\u00e9 la solidarit\u00e9 avec le peuple palestinien et son droit \u00e0 \u00e9tablir son \u00c9tat ind\u00e9pendant et souverain avec Al-Qods orientale comme capitale, conform\u00e9ment aux r\u00e9solutions de la l\u00e9gitimit\u00e9 internationale pertinentes.<br \/>Il a aussi appel\u00e9 les diff\u00e9rents parties et partisans de la paix \u00e0 sortir de l\u2019impasse que traverse le processus de paix et \u00e0 \u0153uvrer pour le lancement de n\u00e9gociations s\u00e9rieuses de paix dans un d\u00e9lai pr\u00e9cis en vue de mettre fin \u00e0 l\u2019occupation isra\u00e9lienne et de parvenir \u00e0 un accord qui aborde toutes les questions de la solution finale, sur la base de l\u2019Initiative de paix arabe, des r\u00e9solutions de la l\u00e9gitimit\u00e9 internationale et des initiatives connexes, et conform\u00e9ment \u00e0 la solution \u00e0 deux \u00c9tats.<\/p>\n<p class=\"has-black-color has-text-color\">La Commission a soulign\u00e9 que le maintien de cette question sans solution ne fera qu\u2019exacerber les tensions et l\u2019extr\u00e9misme dans la r\u00e9gion et constituerait une source de menace pour la s\u00e9curit\u00e9 et la stabilit\u00e9, r\u00e9it\u00e9rant son attachement au statut juridique d\u2019Al-Qods Al-Charif, conform\u00e9ment aux r\u00e9solutions internationales, en tant que l\u2019une des questions relatives au statut final, et \u00e0 l\u2019abandon de tout ce qui pourrait porter atteinte au statut politique existant de la Ville Sainte.<\/p>\n<p class=\"has-black-color has-text-color\">S\u2019agissant des conflits et probl\u00e8mes s\u00e9curitaires et \u00e9conomiques que conna\u00eet la r\u00e9gion arabe et la hausse des ing\u00e9rences \u00e9trang\u00e8res, la Commission a appel\u00e9 \u00e0 permettre aux pays arabes de d\u00e9fendre leur unit\u00e9 et leur souverainet\u00e9 et de renforcer leur s\u00e9curit\u00e9 et leur stabilit\u00e9, en hissant haut les valeurs de solidarit\u00e9 et du bon voisinage, et en s\u2019abstenant de toute ing\u00e9rence dans les affaires int\u00e9rieures des pays et de menace \u00e0 leur int\u00e9grit\u00e9 territoriale.<br \/>A cet \u00e9gard, la Commission a exprim\u00e9 son espoir de voir les crises dont souffrent des pays arabes fr\u00e8res, tels que l\u2019Iraq, la Syrie, le Y\u00e9men et la Libye, trouver une solution politique qui pr\u00e9serve leur int\u00e9grit\u00e9 territoriale et nationale, garantisse leur s\u00e9curit\u00e9 et leur stabilit\u00e9 et r\u00e9ponde aux aspirations de leurs peuples pour le d\u00e9veloppement et la libert\u00e9, conform\u00e9ment aux r\u00e9solutions pertinentes de l\u2019ONU.<\/p>\n<p class=\"has-black-color has-text-color\">La Commission a \u00e9galement condamn\u00e9 le ciblage continu des installations civiles et \u00e9conomiques au Royaume d\u2019Arabie saoudite et aux \u00c9mirats arabes unis, r\u00e9affirmant sa solidarit\u00e9 constante et continue avec les deux pays fr\u00e8res.<br \/>La Commission a r\u00e9it\u00e9r\u00e9 sa condamnation de l\u2019extr\u00e9misme et du terrorisme sous toutes ses formes, quels qu\u2019en soient les justifications et les mobiles, soulignant que ce fl\u00e9au dangereux ne doit \u00eatre rattach\u00e9 \u00e0 aucune civilisation ou religion. Elle a \u00e9galement insist\u00e9 sur la conjugaison et la concertation des efforts r\u00e9gionaux et internationaux pour faire face au terrorisme, l\u2019extirper et en \u00e9liminer les causes.<\/p>\n<p>L\u2019article <a rel=\"nofollow\" href=\"http:\/\/albayane.press.ma\/le-qatar-salue-les-efforts-de-sa-majeste-le-roi.html\">Le Qatar salue les efforts de Sa Majest\u00e9 le Roi<\/a> est apparu en premier sur <a rel=\"nofollow\" href=\"http:\/\/albayane.press.ma\/\">ALBAYANE<\/a>.<\/p>\n<\/div>\n<p>Auteur: M&rsquo;hammed rahal<br \/>\n<a href=\"http:\/\/albayane.press.ma\/le-qatar-salue-les-efforts-de-sa-majeste-le-roi.html\">Cliquez ici pour lire l&rsquo;article depuis sa source.<\/a><\/p>\n","protected":false},"excerpt":{"rendered":"<p>Pour la d\u00e9fense d\u2019Al-Qods Al-Charif Le Qatar a salu\u00e9 les efforts continus d\u00e9ploy\u00e9s par Sa Majest\u00e9 le Roi Mohammed VI, Pr\u00e9sident du Comit\u00e9 Al-Qods, afin de d\u00e9fendre Al-Qods Al-Charif et ses habitants. A l\u2019occasion de la huiti\u00e8me session de la Haute commission mixte maroco-qatarie, tenue lundi \u00e0 Doha, sous la copr\u00e9sidence du Premier ministre qatari [&hellip;]<\/p>\n","protected":false},"author":1760,"featured_media":0,"comment_status":"closed","ping_status":"closed","sticky":false,"template":"","format":"standard","meta":{"fifu_image_url":"","fifu_image_alt":"","footnotes":""},"categories":[73,54],"tags":[],"class_list":["post-140401","post","type-post","status-publish","format-standard","hentry","category-actualite","category-maroc"],"_links":{"self":[{"href":"https:\/\/linitiative.ca\/International\/wp-json\/wp\/v2\/posts\/140401","targetHints":{"allow":["GET"]}}],"collection":[{"href":"https:\/\/linitiative.ca\/International\/wp-json\/wp\/v2\/posts"}],"about":[{"href":"https:\/\/linitiative.ca\/International\/wp-json\/wp\/v2\/types\/post"}],"author":[{"embeddable":true,"href":"https:\/\/linitiative.ca\/International\/wp-json\/wp\/v2\/users\/1760"}],"replies":[{"embeddable":true,"href":"https:\/\/linitiative.ca\/International\/wp-json\/wp\/v2\/comments?post=140401"}],"version-history":[{"count":0,"href":"https:\/\/linitiative.ca\/International\/wp-json\/wp\/v2\/posts\/140401\/revisions"}],"wp:attachment":[{"href":"https:\/\/linitiative.ca\/International\/wp-json\/wp\/v2\/media?parent=140401"}],"wp:term":[{"taxonomy":"category","embeddable":true,"href":"https:\/\/linitiative.ca\/International\/wp-json\/wp\/v2\/categories?post=140401"},{"taxonomy":"post_tag","embeddable":true,"href":"https:\/\/linitiative.ca\/International\/wp-json\/wp\/v2\/tags?post=140401"}],"curies":[{"name":"wp","href":"https:\/\/api.w.org\/{rel}","templated":true}]}}