{"id":140402,"date":"2022-02-08T13:00:00","date_gmt":"2022-02-08T18:00:00","guid":{"rendered":"https:\/\/linitiative.ca\/International\/quelle-politique-au-benefice-des-personnes-agees\/"},"modified":"2022-02-08T13:00:00","modified_gmt":"2022-02-08T18:00:00","slug":"quelle-politique-au-benefice-des-personnes-agees","status":"publish","type":"post","link":"https:\/\/linitiative.ca\/International\/quelle-politique-au-benefice-des-personnes-agees\/","title":{"rendered":"Quelle politique au b\u00e9n\u00e9fice des personnes \u00e2g\u00e9es ?"},"content":{"rendered":"<div>\n<p class=\"has-text-align-right has-black-color has-text-color\">Par Abdeslam Seddiki.<\/p>\n<p class=\"has-black-color has-text-color\"><strong>La publication de la pr\u00e9sente chronique est venue suite \u00e0 la lecture d\u2019un livre publi\u00e9 r\u00e9cemment en France et dont le titre est passionnant\u00a0: \u00ab\u00a0les fossoyeurs\u00a0\u00bb. Son auteur, Victor Castanet, \u00e9crivain journaliste, a proc\u00e9d\u00e9 \u00e0 un travail d\u2019investigation pendant plus de trois ann\u00e9es sur le fonctionnement des Ehpad (Etablissements d\u2019h\u00e9bergement pour personnes \u00e2g\u00e9es d\u00e9pendantes) appartenant \u00e0 un groupe priv\u00e9, class\u00e9 \u00a0parmi les premiers au niveau mondial. En effet, Ce groupe, d\u00e9nomm\u00e9 Orp\u00e9a, est pr\u00e9sent dans 23 pays, en Europe, en Am\u00e9rique et en Asie. Il g\u00e8re plus de 1 110 \u00e9tablissements, repr\u00e9sentant plus de 110 000 lits, et emploie plus de 65 000 collaborateurs. Il est parvenu \u00e0 couvrir tout le spectre de la d\u00e9pendance puisqu\u2019il g\u00e8re \u00e0 la fois des Ehpad, des cliniques de soins de suite et de r\u00e9adaptation (SSR), des cliniques psychiatriques, des r\u00e9sidences services senior et des agences d\u2019aide \u00e0 domicile. Il a cr\u00e9\u00e9 son propre institut de formation d\u2019aides-soignants, a mont\u00e9 un partenariat avec une prestigieuse \u00e9cole de commerce, s\u2019engage dans une d\u00e9marche \u00e9coresponsable, multiplie les \u00e9valuations internes et les enqu\u00eates de satisfaction, se dit \u00e0 la pointe de la gestion des malades d\u2019Alzheimer. Bref, un groupe qui a l\u2019air de la perfection. Mais la r\u00e9alit\u00e9, telle qu\u2019elle a \u00e9t\u00e9 d\u00e9voil\u00e9e par l\u2019auteur, est loin d\u2019\u00eatre aussi idyllique.<\/strong><\/p>\n<p class=\"has-black-color has-text-color\">S\u2019appuyant sur des dizaines de t\u00e9moignages et des visites de terrain, l\u2019auteur a abouti \u00e0 des conclusions r\u00e9voltantes. D\u2019ailleurs, la publication de ce livre n\u2019est pas pass\u00e9e inaper\u00e7ue. Elle a suscit\u00e9 des r\u00e9actions en chaine d\u2019autant plus que la France vit en p\u00e9riode de campagne \u00e9lectorale.<\/p>\n<p class=\"has-black-color has-text-color\">Prix exorbitants de s\u00e9jour dans ces \u00e9tablissements fr\u00f4lant les 6000 euros par mois , d\u00e9tournements de fonds publics en recourant \u00e0 des subterfuges comptables et \u00e0 des stratag\u00e8mes bien maitris\u00e9s par les experts en mati\u00e8re d\u2019optimisation des co\u00fbts, liens suspects avec les gens de l\u2019administration pour obtenir l\u2019agr\u00e9ment d\u2019ouverture \u2026 Autant de d\u00e9passements relev\u00e9s, preuves \u00e0 l\u2019appui, par l\u2019auteur.\u00a0 Le cas de ce groupe symbolise le danger de la marchandisation de la sant\u00e9 des citoyens. Surtout quand on a affaire \u00e0 un groupe tentaculaire et puissant que personne ne peut affronter, surtout pas les familles qui peinent \u00e0 trouver une place de s\u00e9jour dans ces \u00e9tablissements. Tout contr\u00f4le y est pratiquement impossible. Que ce soit l\u2019Inspection du travail, les agents des autorit\u00e9s de tutelle ou ceux de l\u2019Assurance maladie, ils ne sont tout simplement pas au niveau pour faire face \u00e0 la force de frappe et \u00e0 l\u2019ing\u00e9niosit\u00e9 de ces grands groupes priv\u00e9s qui sont, eux, totalement conscients de leur \u00ab sup\u00e9riorit\u00e9 \u00bb.<\/p>\n<p class=\"has-black-color has-text-color\">\u00ab\u00a0Si vous souhaitez, malgr\u00e9 tout, porter l\u2019affaire en justice, Orp\u00e9a tentera de vous en dissuader. Et si vous souhaitez quand m\u00eame aller au bout de votre d\u00e9marche, il vous faudra une bonne assise financi\u00e8re pour prendre un avocat et un courage certain pour s\u2019opposer \u00e0 un groupe qui p\u00e8se six milliards d\u2019euros et a, dans sa besace, une panoplie de conseils talentueux pour assurer sa d\u00e9fense. Beaucoup de familles renoncent, par peur le plus souvent.\u00a0\u00bb<\/p>\n<p class=\"has-black-color has-text-color\">C\u2019est la course effr\u00e9n\u00e9e au profit qui pr\u00e9vaut sur toute autre consid\u00e9ration, comme le pr\u00e9cise l\u2019auteur\u00a0:\u00a0\u00ab J\u2019ai d\u00e9couvert, incr\u00e9dule, qu\u2019Orp\u00e9a avait r\u00e9ussi le tour de force d\u2019industrialiser le secteur de la d\u00e9pendance, pourtant peupl\u00e9 de corps, de chairs, de regards, de peaux, de bruits et de vies. Des dizaines de milliers d\u2019hommes et de femmes ont \u00e9t\u00e9 transform\u00e9s en simples produits de consommation ; les personnes \u00e2g\u00e9es, r\u00e9duites \u00e0 des chiffres ; les politiques de sant\u00e9 du groupe, \u00e0 des \u00e9quations budg\u00e9taires. \u00bb (p.278).<\/p>\n<p class=\"has-black-color has-text-color\">Et l\u2019auteur de reconnaitre avec une certaine amertume\u00a0: \u00ab\u00a0J\u2019ai pu ressentir, durant ces mois d\u2019investigation, le climat de violence intrins\u00e8que \u00e0 cette soci\u00e9t\u00e9. Une violence diffuse, sournoise, destructrice.\u00a0\u00bb<\/p>\n<p class=\"has-black-color has-text-color\">Le probl\u00e8me pos\u00e9 par cette enqu\u00eate, bien qu\u2019il int\u00e9resse la France, nous concerne tous.\u00a0 Il faut par cons\u00e9quent y prendre garde et ne pas c\u00e9der au \u00ab\u00a0charme discret\u00a0\u00bb de la bourgeoisie affairiste et aux bienfaits suppos\u00e9s d\u2019un capital priv\u00e9 assoiff\u00e9 de gain dans la gestion d\u2019un domaine sensible comme celui de la sant\u00e9, \u00a0et de surcroit la sant\u00e9 des personnes en situation de d\u00e9pendance. Notre pays, la transition d\u00e9mographique aidant, connait \u00e0 son tour, une \u00e9volution similaire. Les chiffres disponibles sont parlants\u00a0: \u00a0\u00a0en 2021, pr\u00e8s de 4,3 millions de Marocains sont \u00e2g\u00e9s de 60 ans et plus repr\u00e9sentant 11,7% de la population totale, contre 2,4 millions en 2004 et 8% de la population totale. Selon les projections d\u00e9mographiques r\u00e9alis\u00e9es par le HCP d\u2019ici 2030, l\u2019effectif des a\u00een\u00e9s de 60 ans et plus atteindrait un peu plus de six millions, soit une augmentation de 42% par rapport \u00e0 2021 et repr\u00e9senterait 15,4% de la population. Qui plus est, l\u2019effectif des personnes \u00e2g\u00e9es de 70 ans et plus avec au moins une maladie chronique atteindrait 1,9 millions au lieu de 1,2 millions actuellement. Aussi, la part des personnes de 70 ans et plus avec une incapacit\u00e9 fonctionnelle serait d\u2019environ 1,7 millions en 2030 au lieu de 1,1 millions en 2021.<\/p>\n<p class=\"has-black-color has-text-color\">Face \u00e0 cette \u00e9volution irr\u00e9versible et qui va \u00a0crescendo, on ne dispose toujours pas d\u2019une politique bien \u00e9tablie au b\u00e9n\u00e9fice de cette cat\u00e9gorie de la population, comme il ressort d\u2019une \u00e9tude r\u00e9alis\u00e9e par le CESE en 2015. C\u2019est une population qui vit dans une \u00a0pr\u00e9carit\u00e9\u00a0 quasi-totale. Plus de 7 personnes \u00e2g\u00e9es\u00a0 sur 10 sont analphab\u00e8tes, la plupart ont un revenu tr\u00e8s bas, plus de la moiti\u00e9 souffrent d\u2019au moins une maladie chronique et n\u2019ont pas acc\u00e8s aux soins et pr\u00e8s du tiers d\u2019entre elles sont en situation de d\u00e9pendance. La couverture sociale et m\u00e9dicale ne b\u00e9n\u00e9ficie qu\u2019\u00e0 20% des personnes \u00e2g\u00e9es.<\/p>\n<p class=\"has-black-color has-text-color\">La vie des personnes \u00e2g\u00e9es dans les centres d\u2019accueil se caract\u00e9rise par la solitude, l\u2019isolement, l\u2019absence d\u2019activit\u00e9s culturelles, sportives et de loisirs. Les centres accueillent des personnes aux profils parfois tr\u00e8s divers. Le personnel encadrant manque de formation et de motivation. Les b\u00e2timents et les infrastructures de ces centres sont souvent inadapt\u00e9s \u00e0 leurs sp\u00e9cificit\u00e9s. Elles y sont confront\u00e9es \u00e0 des probl\u00e8mes d\u2019exigu\u00eft\u00e9, d\u2019accessibilit\u00e9, d\u2019\u00e9loignement des services publics et \u00e0 des risques d\u2019accidents domestiques\u00a0\u2026.<\/p>\n<p class=\"has-black-color has-text-color\">Quant aux politiques publiques et plans d\u2019action con\u00e7us et \u00e9labor\u00e9s dans ce cadre, l\u2019on rel\u00e8ve leur caract\u00e8re partiel et non int\u00e9gr\u00e9. Cela en plus du retard accumul\u00e9 dans la formation des ressources humaines en g\u00e9riatrie et g\u00e9rontologie. Il y a aussi un manque \u00e0 combler concernant des sp\u00e9cialit\u00e9s de soins psychologiques, en psychiatrie de la vieillesse, en travail social, etc. On rel\u00e8ve aussi des insuffisances patentes en mati\u00e8re de soins adapt\u00e9s aux sp\u00e9cificit\u00e9s des personnes \u00e2g\u00e9es. Les subventions publiques aux associations sont insuffisantes, ce qui se r\u00e9percute sur la qualit\u00e9 de l\u2019encadrement et de la gestion ainsi que sur les services fournis.\u00a0<\/p>\n<p class=\"has-black-color has-text-color\">Le CESE a pr\u00e9sent\u00e9 une s\u00e9rie de recommandations qui pourraient servir de base \u00e0 l\u2019\u00e9laboration d\u2019une strat\u00e9gie nationale au b\u00e9n\u00e9fice des personnes \u00e2g\u00e9es et particuli\u00e8rement celles qui sont en situation de d\u00e9pendance. Qu\u2019est-ce qu\u2019on attend pour passer \u00e0 l\u2019action\u00a0et apporter une lueur d\u2019espoir \u00e0 cette cat\u00e9gorie de la population qui a tant donn\u00e9 \u00e0 notre pays\u00a0?<\/p>\n<p>L\u2019article <a rel=\"nofollow\" href=\"http:\/\/albayane.press.ma\/quelle-politique-au-benefice-des-personnes-agees.html\">Quelle politique au b\u00e9n\u00e9fice des personnes \u00e2g\u00e9es ?<\/a> est apparu en premier sur <a rel=\"nofollow\" href=\"http:\/\/albayane.press.ma\/\">ALBAYANE<\/a>.<\/p>\n<\/div>\n<p>Auteur: M&rsquo;hammed rahal<br \/>\n<a href=\"http:\/\/albayane.press.ma\/quelle-politique-au-benefice-des-personnes-agees.html\">Cliquez ici pour lire l&rsquo;article depuis sa source.<\/a><\/p>\n","protected":false},"excerpt":{"rendered":"<p>Par Abdeslam Seddiki. La publication de la pr\u00e9sente chronique est venue suite \u00e0 la lecture d\u2019un livre publi\u00e9 r\u00e9cemment en France et dont le titre est passionnant\u00a0: \u00ab\u00a0les fossoyeurs\u00a0\u00bb. Son auteur, Victor Castanet, \u00e9crivain journaliste, a proc\u00e9d\u00e9 \u00e0 un travail d\u2019investigation pendant plus de trois ann\u00e9es sur le fonctionnement des Ehpad (Etablissements d\u2019h\u00e9bergement pour personnes [&hellip;]<\/p>\n","protected":false},"author":1760,"featured_media":0,"comment_status":"closed","ping_status":"closed","sticky":false,"template":"","format":"standard","meta":{"fifu_image_url":"","fifu_image_alt":"","footnotes":""},"categories":[73,54],"tags":[],"class_list":["post-140402","post","type-post","status-publish","format-standard","hentry","category-actualite","category-maroc"],"_links":{"self":[{"href":"https:\/\/linitiative.ca\/International\/wp-json\/wp\/v2\/posts\/140402","targetHints":{"allow":["GET"]}}],"collection":[{"href":"https:\/\/linitiative.ca\/International\/wp-json\/wp\/v2\/posts"}],"about":[{"href":"https:\/\/linitiative.ca\/International\/wp-json\/wp\/v2\/types\/post"}],"author":[{"embeddable":true,"href":"https:\/\/linitiative.ca\/International\/wp-json\/wp\/v2\/users\/1760"}],"replies":[{"embeddable":true,"href":"https:\/\/linitiative.ca\/International\/wp-json\/wp\/v2\/comments?post=140402"}],"version-history":[{"count":0,"href":"https:\/\/linitiative.ca\/International\/wp-json\/wp\/v2\/posts\/140402\/revisions"}],"wp:attachment":[{"href":"https:\/\/linitiative.ca\/International\/wp-json\/wp\/v2\/media?parent=140402"}],"wp:term":[{"taxonomy":"category","embeddable":true,"href":"https:\/\/linitiative.ca\/International\/wp-json\/wp\/v2\/categories?post=140402"},{"taxonomy":"post_tag","embeddable":true,"href":"https:\/\/linitiative.ca\/International\/wp-json\/wp\/v2\/tags?post=140402"}],"curies":[{"name":"wp","href":"https:\/\/api.w.org\/{rel}","templated":true}]}}