{"id":140403,"date":"2022-02-08T13:00:00","date_gmt":"2022-02-08T18:00:00","guid":{"rendered":"https:\/\/linitiative.ca\/International\/le-concept-sublime-du-travail\/"},"modified":"2022-02-08T13:00:00","modified_gmt":"2022-02-08T18:00:00","slug":"le-concept-sublime-du-travail","status":"publish","type":"post","link":"https:\/\/linitiative.ca\/International\/le-concept-sublime-du-travail\/","title":{"rendered":"Le concept sublime du travail !"},"content":{"rendered":"<div>\n<p><strong>D\u00e9cid\u00e9ment, dans cette cadence galopante \u00e0 faire agenouiller un chameau, Agadir reprend progressivement du poil de la b\u00eate. Rubis sur l\u2019ongle, la ville roule sur les chapeaux de roue pour relever le d\u00e9fi de la \u00ab\u00a0centralit\u00e9\u00a0\u00bb, tel que pr\u00f4n\u00e9 par le Souverain, celui de faire \u00e9merger une cit\u00e9 sinistr\u00e9e en m\u00e9tropole cosmopolite. Certes, beaucoup de chemin reste \u00e0 parcourir pour y parvenir, au regard des retards qui ont \u00e9maill\u00e9, durant des d\u00e9cennies, son \u00e9volution saine et r\u00e9solue. Toutefois, il faut bien avouer que, pendant ces cinq derni\u00e8res ann\u00e9es, tant d\u2019eau a coul\u00e9 sous les ponts pour ce faire, en parfaite symbiose des multiples b\u00e2tisseurs de la nouvelle chevauch\u00e9e m\u00e9tropolitaine. De fil en aiguille, des projets fleurissent, tambours battants, mais dans la minutie et la doigt\u00e9 de cet exercice dont l\u2019approche participative fut constamment de mise, sous la houlette de la t\u00eate avis\u00e9e et discr\u00e8te. \u00abImpossible n\u2019est pas fran\u00e7ais\u00a0!\u00a0\u00bb, se plaisait de s\u2019esclaffer Napol\u00e9on Bonaparte, une expression relay\u00e9e \u00e9galement par Eric Zemmour, candidat d\u2019extr\u00eame droite, pour les prochaines pr\u00e9sidentielles en France. En fait, on ne se retiendra pas d\u2019emprunter ce slogan pour qualifier ce qui s\u2019op\u00e8re, \u00e0 pr\u00e9sent dans les entrailles de cette ville \u00abcentralis\u00e9e\u00bb, sous cette expression identique\u00a0: \u00abImpossible n\u2019est pas gadiri!\u00bb. A faire l\u2019analogie par cette \u00a0citation quoique le contexte diff\u00e8re, on serait peut-\u00eatre, tax\u00e9 d\u2019abus, de z\u00e8le, de r\u00e9currence \u00e0 l\u2019\u00e9gard d\u2019une destination, encore en phase embryonnaire, profond\u00e9ment martyris\u00e9e par \u00a0les revers de nagu\u00e8re. Peu importe ce que l\u2019on dirait par rapport \u00e0 la r\u00e9surrection de la ville, car il y aurait toujours des mauvaises langues qui auraient horreur des succ\u00e8s\u00a0! Mais, on ne cesserait jamais d\u2019exulter les louables efforts qui se d\u00e9ploient sans rel\u00e2che, en vue de faire resplendir une cit\u00e9, plus particuli\u00e8rement en ces deux ann\u00e9es d\u2019affil\u00e9e de pand\u00e9mie. Ce qui se fait au grand jour, dans tous les recoins de la ville et plus pr\u00e9cis\u00e9ment, en ce programme Royal, est tout simplement titanesque dans le plus rationnel du terme. Le travail assidu qui s\u2019effectue dans les diff\u00e9rents compartiments, avec grand civisme, n\u2019aura d\u2019autre explication que ce d\u00e9sir farouche de faire fleurir un labeur acharn\u00e9 pour honorer la volont\u00e9 Royale. Une volont\u00e9 que nul ne pourra d\u00e9cevoir ni vexer\u00a0! \u00ab\u00a0La vie fleurit par le travail\u00a0!\u00a0\u00bb, jubilait Arthur Rimbaud, l\u2019une des figures prodigieuses de la litt\u00e9rature fran\u00e7aise. On ne saurait, non plus \u00a0passer sous silence cette synergie f\u00e9conde qui s\u2019emploie avec rigueur et r\u00e9silience, pour finir tel ou tel projet structurant, plac\u00e9 parmi les cinq grands p\u00f4les de la ville, en construction \u00e0 l\u2019adresse du bien-\u00eatre des populations\u2026On ne peut alors que saluer vivement les auteurs de cet immense et splendide travail, empreint de chevalerie et de majest\u00e9\u00a0!<\/strong><\/p>\n<p>L\u2019article <a rel=\"nofollow\" href=\"http:\/\/albayane.press.ma\/le-concept-sublime-du-travail.html\">Le concept sublime du travail !<\/a> est apparu en premier sur <a rel=\"nofollow\" href=\"http:\/\/albayane.press.ma\/\">ALBAYANE<\/a>.<\/p>\n<\/div>\n<p>Auteur: M&rsquo;hammed rahal<br \/>\n<a href=\"http:\/\/albayane.press.ma\/le-concept-sublime-du-travail.html\">Cliquez ici pour lire l&rsquo;article depuis sa source.<\/a><\/p>\n","protected":false},"excerpt":{"rendered":"<p>D\u00e9cid\u00e9ment, dans cette cadence galopante \u00e0 faire agenouiller un chameau, Agadir reprend progressivement du poil de la b\u00eate. Rubis sur l\u2019ongle, la ville roule sur les chapeaux de roue pour relever le d\u00e9fi de la \u00ab\u00a0centralit\u00e9\u00a0\u00bb, tel que pr\u00f4n\u00e9 par le Souverain, celui de faire \u00e9merger une cit\u00e9 sinistr\u00e9e en m\u00e9tropole cosmopolite. Certes, beaucoup de [&hellip;]<\/p>\n","protected":false},"author":1760,"featured_media":0,"comment_status":"closed","ping_status":"closed","sticky":false,"template":"","format":"standard","meta":{"fifu_image_url":"","fifu_image_alt":"","footnotes":""},"categories":[73,54],"tags":[],"class_list":["post-140403","post","type-post","status-publish","format-standard","hentry","category-actualite","category-maroc"],"_links":{"self":[{"href":"https:\/\/linitiative.ca\/International\/wp-json\/wp\/v2\/posts\/140403","targetHints":{"allow":["GET"]}}],"collection":[{"href":"https:\/\/linitiative.ca\/International\/wp-json\/wp\/v2\/posts"}],"about":[{"href":"https:\/\/linitiative.ca\/International\/wp-json\/wp\/v2\/types\/post"}],"author":[{"embeddable":true,"href":"https:\/\/linitiative.ca\/International\/wp-json\/wp\/v2\/users\/1760"}],"replies":[{"embeddable":true,"href":"https:\/\/linitiative.ca\/International\/wp-json\/wp\/v2\/comments?post=140403"}],"version-history":[{"count":0,"href":"https:\/\/linitiative.ca\/International\/wp-json\/wp\/v2\/posts\/140403\/revisions"}],"wp:attachment":[{"href":"https:\/\/linitiative.ca\/International\/wp-json\/wp\/v2\/media?parent=140403"}],"wp:term":[{"taxonomy":"category","embeddable":true,"href":"https:\/\/linitiative.ca\/International\/wp-json\/wp\/v2\/categories?post=140403"},{"taxonomy":"post_tag","embeddable":true,"href":"https:\/\/linitiative.ca\/International\/wp-json\/wp\/v2\/tags?post=140403"}],"curies":[{"name":"wp","href":"https:\/\/api.w.org\/{rel}","templated":true}]}}