{"id":140405,"date":"2022-02-09T08:30:00","date_gmt":"2022-02-09T13:30:00","guid":{"rendered":"https:\/\/linitiative.ca\/International\/confirmation-du-verdict-prononce-a-lencontre-de-lex-ministre-houda-feraoun\/"},"modified":"2022-02-09T08:30:00","modified_gmt":"2022-02-09T13:30:00","slug":"confirmation-du-verdict-prononce-a-lencontre-de-lex-ministre-houda-feraoun","status":"publish","type":"post","link":"https:\/\/linitiative.ca\/International\/confirmation-du-verdict-prononce-a-lencontre-de-lex-ministre-houda-feraoun\/","title":{"rendered":"Confirmation du verdict prononc\u00e9 \u00e0 l&rsquo;encontre de l&rsquo;ex-ministre Houda Feraoun"},"content":{"rendered":"<div>La Cour d&rsquo;Alger a confirm\u00e9, mercredi, le verdict de premi\u00e8re instance prononc\u00e9 \u00e0 l&rsquo;encontre de l&rsquo;ancienne ministre de la Poste et des T\u00e9l\u00e9communications, Houda Imane Feraoun, soit une peine de trois ans de prison ferme (&#8230;)<\/div>\n<p>Auteur:<br \/>\n<a href=\"https:\/\/www.liberte-algerie.com\/actualite\/confirmation-du-verdict-prononce-a-lencontre-de-lex-ministre-houda-feraoun-373052\">Cliquez ici pour lire l&rsquo;article depuis sa source.<\/a><\/p>\n","protected":false},"excerpt":{"rendered":"<p>La Cour d&rsquo;Alger a confirm\u00e9, mercredi, le verdict de premi\u00e8re instance prononc\u00e9 \u00e0 l&rsquo;encontre de l&rsquo;ancienne ministre de la Poste et des T\u00e9l\u00e9communications, Houda Imane Feraoun, soit une peine de trois ans de prison ferme (&#8230;) Auteur: Cliquez ici pour lire l&rsquo;article depuis sa source.<\/p>\n","protected":false},"author":1742,"featured_media":0,"comment_status":"closed","ping_status":"closed","sticky":false,"template":"","format":"standard","meta":{"fifu_image_url":"","fifu_image_alt":"","footnotes":""},"categories":[73,53],"tags":[],"class_list":["post-140405","post","type-post","status-publish","format-standard","hentry","category-actualite","category-algerie"],"_links":{"self":[{"href":"https:\/\/linitiative.ca\/International\/wp-json\/wp\/v2\/posts\/140405","targetHints":{"allow":["GET"]}}],"collection":[{"href":"https:\/\/linitiative.ca\/International\/wp-json\/wp\/v2\/posts"}],"about":[{"href":"https:\/\/linitiative.ca\/International\/wp-json\/wp\/v2\/types\/post"}],"author":[{"embeddable":true,"href":"https:\/\/linitiative.ca\/International\/wp-json\/wp\/v2\/users\/1742"}],"replies":[{"embeddable":true,"href":"https:\/\/linitiative.ca\/International\/wp-json\/wp\/v2\/comments?post=140405"}],"version-history":[{"count":0,"href":"https:\/\/linitiative.ca\/International\/wp-json\/wp\/v2\/posts\/140405\/revisions"}],"wp:attachment":[{"href":"https:\/\/linitiative.ca\/International\/wp-json\/wp\/v2\/media?parent=140405"}],"wp:term":[{"taxonomy":"category","embeddable":true,"href":"https:\/\/linitiative.ca\/International\/wp-json\/wp\/v2\/categories?post=140405"},{"taxonomy":"post_tag","embeddable":true,"href":"https:\/\/linitiative.ca\/International\/wp-json\/wp\/v2\/tags?post=140405"}],"curies":[{"name":"wp","href":"https:\/\/api.w.org\/{rel}","templated":true}]}}