{"id":140409,"date":"2022-02-09T14:10:02","date_gmt":"2022-02-09T19:10:02","guid":{"rendered":"https:\/\/linitiative.ca\/International\/dar-al-oumouma-dourika-un-interet-pour-la-sante-de-la-mere-et-de-lenfant\/"},"modified":"2022-02-09T14:10:02","modified_gmt":"2022-02-09T19:10:02","slug":"dar-al-oumouma-dourika-un-interet-pour-la-sante-de-la-mere-et-de-lenfant","status":"publish","type":"post","link":"https:\/\/linitiative.ca\/International\/dar-al-oumouma-dourika-un-interet-pour-la-sante-de-la-mere-et-de-lenfant\/","title":{"rendered":"Dar Al Oumouma d\u2019Ourika, un int\u00e9r\u00eat pour la sant\u00e9 de la m\u00e8re et de l\u2019enfant"},"content":{"rendered":"<div>\n<div style=\"margin-bottom:20px;\"><img loading=\"lazy\" decoding=\"async\" width=\"750\" height=\"430\" src=\"https:\/\/linitiative.ca\/International\/wp-content\/uploads\/sites\/23\/2022\/02\/dar-al-oumouma-al-haouz-copier.jpg\" class=\"attachment-post-thumbnail size-post-thumbnail wp-post-image\" alt=\"\" srcset=\"https:\/\/linitiative.ca\/International\/wp-content\/uploads\/sites\/23\/2022\/02\/dar-al-oumouma-al-haouz-copier.jpg 750w, https:\/\/www.mapmarrakech.ma\/map\/uploads\/2022\/02\/dar-al-oumouma-al-haouz-copier-300x172.jpg 300w\" sizes=\"auto, (max-width: 750px) 100vw, 750px\"><\/div>\n<p>L\u2019une des premi\u00e8res Maisons de Maternit\u00e9 mises en place \u00e0 l\u2019\u00e9chelon national, cette structure \u00e0 vocation sanitaire et sociale se veut, en outre, l\u2019incarnation parfaite de la volont\u00e9 de ce grand chantier Royal d\u2019am\u00e9liorer et de renforcer la sant\u00e9 et la nutrition chez la m\u00e8re et l\u2019enfant, particuli\u00e8rement ceux issus des zones rurales d\u00e9favoris\u00e9es, en l\u2019\u00e9rigeant en un axe prioritaire, \u00e0 m\u00eame de soutenir le d\u00e9veloppement du capital humain des g\u00e9n\u00e9rations montantes.<\/p>\n<p>Inscrite dans le cadre du programme 4 baptis\u00e9 : \u00ab\u00a0Impulsion du capital humain des g\u00e9n\u00e9rations montantes\u00a0\u00bb, cette infrastructure sociale \u0153uvre \u00e0 consacrer les valeurs de solidarit\u00e9 et d\u2019entraide promues par l\u2019INDH, puisqu\u2019elle intervient dans le cadre de la nouvelle g\u00e9n\u00e9ration d\u2019infrastructures programm\u00e9es par l\u2019Initiative dans sa 3\u00e8me phase et visant \u00e0 assurer un meilleur suivi de la sant\u00e9 de la m\u00e8re et des nouveaux n\u00e9s, et \u00e0 veiller au d\u00e9roulement des accouchements dans des conditions s\u00fbres et optimales, sous une surveillance et un suivi m\u00e9dical minutieux.<\/p>\n<p>Construite sur une superficie de 320 m2, pour un co\u00fbt total de 2 millions de DH, cette structure, dont la gestion est assur\u00e9e par l\u2019Association Dar Al Oumouma d\u2019Ourika, assure aux femmes b\u00e9n\u00e9ficiaires, avant et apr\u00e8s l\u2019accouchement, des prestations de qualit\u00e9 en termes d\u2019h\u00e9bergement, de restauration, de sensibilisation, de soutien et d\u2019accompagnement, notamment dans une province r\u00e9put\u00e9e par la pr\u00e9dominance des zones rurales et montagneuses.<\/p>\n<p>D\u2019une capacit\u00e9 d\u2019accueil de 10 lits, cet \u00e9tablissement est con\u00e7u de mani\u00e8re \u00e0 pouvoir accueillir les femmes issues des douars relavant des sept communes limitrophes \u00e0 savoir : \u00ab\u00a0Aghmate\u00a0\u00bb, \u00ab\u00a0Seti Fadma\u00a0\u00bb, \u00ab\u00a0Oukaimeden\u00a0\u00bb, \u00ab\u00a0Ourika\u00a0\u00bb, \u00ab\u00a0Tamazouzte\u00a0\u00bb, \u00ab\u00a0Iguerfrouane\u00a0\u00bb et \u00ab\u00a0Sidi Ghiate\u00a0\u00bb, et ce une semaine avant l\u2019accouchement et jusqu\u2019\u00e0 deux \u00e0 trois jours apr\u00e8s l\u2019accouchement.<\/p>\n<p>Erig\u00e9e selon une architecture bien pens\u00e9e afin de garantir aux b\u00e9n\u00e9ficiaires confort et bien-\u00eatre, cette structure comprend plusieurs d\u00e9pendances, dont un espace de r\u00e9ception pour l\u2019accueil des femmes b\u00e9n\u00e9ficiaires, des dortoirs, une salle pour surveillantes, outre des d\u00e9pendances administratives\u2026etc.<\/p>\n<p>\u00ab\u00a0Gr\u00e2ce au soutien constant de l\u2019INDH et de nos diff\u00e9rents partenaires, nous avons re\u00e7u pr\u00e8s de 51% des femmes issus des douars relevant de la commune d\u2019Ourika, soit une moyenne de 1.400 femmes b\u00e9n\u00e9ficiaires par an, et ce gr\u00e2ce notamment aux actions de sensibilisation men\u00e9es au niveau des douars\u00a0\u00bb, s\u2019est f\u00e9licit\u00e9e Mme Saida Khabata, directrice de Dar Al Oumouma Ourika, dans une d\u00e9claration \u00e0 M24, la cha\u00eene t\u00e9l\u00e9vis\u00e9e de l\u2019information en continu de la MAP.<\/p>\n<p>Mettant en exergue l\u2019importance de cette plateforme dans la r\u00e9duction de la mortalit\u00e9 maternelle et infantile et l\u2019am\u00e9lioration de l\u2019\u00e9tat de sant\u00e9 de la m\u00e8re et de l\u2019enfant dans le monde rural, Mme Khabata a indiqu\u00e9 que cette plateforme s\u2019assigne pour missions principales d\u2019att\u00e9nuer les souffrances des femmes enceintes, notamment celles se trouvant en situation de pr\u00e9carit\u00e9 et de vuln\u00e9rabilit\u00e9 dans les zones montagneuses et recul\u00e9es.<\/p>\n<p>Cette structure d\u2019accueil et d\u2019h\u00e9bergement a fourni ses services \u00e0 1.312 femmes enceintes en 2020, alors que 1.786 femmes ont b\u00e9n\u00e9fici\u00e9 de campagnes de sensibilisation durant la m\u00eame ann\u00e9e, a-t-elle pr\u00e9cis\u00e9.<\/p>\n<p>Pour sa part, Mme Khadija Naji, une jeune femme issue du douar Hamadiate relevant de la commune de Sidi Ghiate, \u00e0 plus de 25 kilom\u00e8tres de la Maison de Maternit\u00e9 d\u2019Ourika, a indiqu\u00e9 que cette structure lui a permis de mettre au monde son b\u00e9b\u00e9 dans de meilleures conditions en termes d\u2019accouchement, d\u2019h\u00e9bergement, de restauration et d\u2019accompagnement.<\/p>\n<p>\u00ab\u00a0L\u2019accouchement s\u2019est d\u00e9roul\u00e9 dans de bonnes conditions gr\u00e2ce \u00e0 la mobilisation exemplaire des personnes charg\u00e9es de cette structure. Il y a tout ce qu\u2019il faut pour les mamans et les b\u00e9b\u00e9s\u00a0\u00bb, s\u2019est-elle f\u00e9licit\u00e9e, invitant les femmes enceintes \u00e0 se rendre \u00e0 Dar Al Oumouma pour b\u00e9n\u00e9ficier de ses multiples prestations de service, et \u00e9viter ainsi tout risque de complications voir de d\u00e9c\u00e8s tant pour les m\u00e8res que pour les nouveau-n\u00e9s.<\/p>\n<p>Outre Dar Al Oumouma d\u2019Ourika, la province d\u2019Al Haouz est dot\u00e9e de quatre Centres similaires respectivement \u00e0 \u00ab\u00a0Amezmiz\u00a0\u00bb, \u00ab\u00a0Asni\u00a0\u00bb, \u00e0 \u00ab\u00a0Touama\u00a0\u00bb et \u00e0 \u00ab\u00a0Tallat N\u2019Yakoub\u00a0\u00bb.<\/p>\n<p>Selon les donn\u00e9es de la Division de l\u2019Action Sociale (DAS) relevant de la province d\u2019Al Haouz, quelque 153 projets, d\u2019une enveloppe budg\u00e9taire de plus de 47 millions de DH ont \u00e9t\u00e9 r\u00e9alis\u00e9s durant la p\u00e9riode 2019-2020, dans le cadre du programme 4 de la phase III de l\u2019INDH, \u00e0 m\u00eame d\u2019assurer un accompagnement appropri\u00e9 aux moments cl\u00e9s de la vie : naissance (femmes enceintes ou allaitantes issues de milieux d\u00e9favoris\u00e9s), petite enfance (enfants de moins de 6 ans issus de milieux d\u00e9favoris\u00e9s), enfance (enfants en \u00e2ge d\u2019\u00eatre scolaris\u00e9s), et adolescence et jeunesse (adolescents en fin de parcours scolaire).<\/p>\n<p>Tout cela se fait \u00e0 travers quatre th\u00e9matiques prioritaires \u00e0 savoir : \u00ab\u00a0sant\u00e9 maternelle et infantile\u00a0\u00bb, \u00ab\u00a0nutrition de la m\u00e8re et de l\u2019enfant\u00a0\u00bb, \u00ab\u00a0enseignement pr\u00e9scolaire\u00a0\u00bb, et \u00ab\u00a0\u00e9panouissement et r\u00e9ussite scolaire\u00a0\u00bb.<\/p>\n<p>The post <a rel=\"nofollow\" href=\"https:\/\/www.mapmarrakech.ma\/fr\/dar-al-oumouma-dourika-un-interet-pour-la-sante-de-la-mere-et-de-lenfant\/\">Dar Al Oumouma d\u2019Ourika, un int\u00e9r\u00eat pour la sant\u00e9 de la m\u00e8re et de l\u2019enfant<\/a> appeared first on <a rel=\"nofollow\" href=\"https:\/\/www.mapmarrakech.ma\/fr\">MapMarrakech<\/a>.<\/p>\n<\/div>\n<p>Auteur: Meriem IGASS<br \/>\n<a href=\"https:\/\/www.mapmarrakech.ma\/fr\/dar-al-oumouma-dourika-un-interet-pour-la-sante-de-la-mere-et-de-lenfant\/\">Cliquez ici pour lire l&rsquo;article depuis sa source.<\/a><\/p>\n","protected":false},"excerpt":{"rendered":"<p>L\u2019une des premi\u00e8res Maisons de Maternit\u00e9 mises en place \u00e0 l\u2019\u00e9chelon national, cette structure \u00e0 vocation sanitaire et sociale se veut, en outre, l\u2019incarnation parfaite de la volont\u00e9 de ce grand chantier Royal d\u2019am\u00e9liorer et de renforcer la sant\u00e9 et la nutrition chez la m\u00e8re et l\u2019enfant, particuli\u00e8rement ceux issus des zones rurales d\u00e9favoris\u00e9es, en [&hellip;]<\/p>\n","protected":false},"author":1788,"featured_media":0,"comment_status":"closed","ping_status":"closed","sticky":false,"template":"","format":"standard","meta":{"fifu_image_url":"https:\/\/www.mapmarrakech.ma\/map\/uploads\/2022\/02\/dar-al-oumouma-al-haouz-copier.jpg","fifu_image_alt":"Dar Al Oumouma d\u2019Ourika, un int\u00e9r\u00eat pour la sant\u00e9 de la m\u00e8re et de l\u2019enfant","footnotes":""},"categories":[54,76],"tags":[],"class_list":["post-140409","post","type-post","status-publish","format-standard","hentry","category-maroc","category-regions"],"_links":{"self":[{"href":"https:\/\/linitiative.ca\/International\/wp-json\/wp\/v2\/posts\/140409","targetHints":{"allow":["GET"]}}],"collection":[{"href":"https:\/\/linitiative.ca\/International\/wp-json\/wp\/v2\/posts"}],"about":[{"href":"https:\/\/linitiative.ca\/International\/wp-json\/wp\/v2\/types\/post"}],"author":[{"embeddable":true,"href":"https:\/\/linitiative.ca\/International\/wp-json\/wp\/v2\/users\/1788"}],"replies":[{"embeddable":true,"href":"https:\/\/linitiative.ca\/International\/wp-json\/wp\/v2\/comments?post=140409"}],"version-history":[{"count":0,"href":"https:\/\/linitiative.ca\/International\/wp-json\/wp\/v2\/posts\/140409\/revisions"}],"wp:attachment":[{"href":"https:\/\/linitiative.ca\/International\/wp-json\/wp\/v2\/media?parent=140409"}],"wp:term":[{"taxonomy":"category","embeddable":true,"href":"https:\/\/linitiative.ca\/International\/wp-json\/wp\/v2\/categories?post=140409"},{"taxonomy":"post_tag","embeddable":true,"href":"https:\/\/linitiative.ca\/International\/wp-json\/wp\/v2\/tags?post=140409"}],"curies":[{"name":"wp","href":"https:\/\/api.w.org\/{rel}","templated":true}]}}