{"id":140413,"date":"2022-02-09T13:40:31","date_gmt":"2022-02-09T18:40:31","guid":{"rendered":"https:\/\/linitiative.ca\/International\/sm-le-roi-accorde-son-approbation-a-la-nomination-de-responsables-judiciaires-dans-plusieurs-juridictions-du-royaume\/"},"modified":"2022-02-09T13:40:31","modified_gmt":"2022-02-09T18:40:31","slug":"sm-le-roi-accorde-son-approbation-a-la-nomination-de-responsables-judiciaires-dans-plusieurs-juridictions-du-royaume","status":"publish","type":"post","link":"https:\/\/linitiative.ca\/International\/sm-le-roi-accorde-son-approbation-a-la-nomination-de-responsables-judiciaires-dans-plusieurs-juridictions-du-royaume\/","title":{"rendered":"SM le Roi accorde Son approbation \u00e0 la nomination de responsables judiciaires dans plusieurs juridictions du Royaume"},"content":{"rendered":"<div>\n<div style=\"margin-bottom:20px;\"><img loading=\"lazy\" decoding=\"async\" width=\"750\" height=\"430\" src=\"https:\/\/linitiative.ca\/International\/wp-content\/uploads\/sites\/23\/2022\/02\/Portrait-SM-le-Roi-M750C397430-MAP.jpg\" class=\"attachment-post-thumbnail size-post-thumbnail wp-post-image\" alt=\"\" srcset=\"https:\/\/linitiative.ca\/International\/wp-content\/uploads\/sites\/23\/2022\/02\/Portrait-SM-le-Roi-M750C397430-MAP.jpg 750w, https:\/\/www.mapoujda.ma\/map\/uploads\/2020\/05\/Portrait-SM-le-Roi-M750\u00d7430-MAP-300x172.jpg 300w\" sizes=\"auto, (max-width: 750px) 100vw, 750px\"><\/div>\n<p style=\"text-align: justify;\">Sa Majest\u00e9 le Roi Mohammed VI, que Dieu L\u2019assiste, Pr\u00e9sident du Conseil sup\u00e9rieur du pouvoir judiciaire (CSPJ), a accord\u00e9 Sa Haute approbation \u00e0 la nomination de responsables judiciaires dans plusieurs juridictions du Royaume.<\/p>\n<p style=\"text-align: justify;\">Ces nominations interviennent suite \u00e0 la vacance de quatre postes de responsabilit\u00e9 apr\u00e8s la d\u00e9cision de mise \u00e0 la retraite des magistrats qui occupaient ces postes, et \u00e0 la vacance de trois autres apr\u00e8s que les magistrats concern\u00e9s ont \u00e9t\u00e9 \u00e9lus, le 23 octobre 2021, repr\u00e9sentants de leurs confr\u00e8res au CSPJ durant le deuxi\u00e8me mandat (2022-2026), indique mercredi un communiqu\u00e9 du Conseil.<\/p>\n<p style=\"text-align: justify;\">Elles visent \u00e0 insuffler une nouvelle impulsion aux postes de responsabilit\u00e9 judiciaire dans les diff\u00e9rentes juridictions, \u00e0 atteindre davantage d\u2019efficience en termes de performance judiciaire et une plus grande transparence dans la gestion, \u00e0 d\u00e9signer des responsables judiciaires capables d\u2019accompagner la strat\u00e9gie du CSPJ en mati\u00e8re de moralisation, de probit\u00e9 et de droiture, et \u00e0 mettre l\u2019ind\u00e9pendance de la Justice au service de l\u2019application juste et \u00e9quitable de la loi.<\/p>\n<p style=\"text-align: justify;\">Ces nominations, portant sur 14 postes, soit 6,45% de l\u2019ensemble des responsabilit\u00e9s judiciaires, ont concern\u00e9 huit magistrats qui se sont vu attribuer pour la premi\u00e8re fois des postes de responsabilit\u00e9, alors que le reste des postes a \u00e9t\u00e9 confi\u00e9 \u00e0 des magistrats occupant actuellement des missions de grades inf\u00e9rieurs ou similaires.<\/p>\n<p style=\"text-align: justify;\">Il s\u2019agit des postes de Premier pr\u00e9sident de Cour d\u2019appel (1), de Premier pr\u00e9sident de Cour d\u2019appel de commerce (1), de Pr\u00e9sident de tribunal de premi\u00e8re instance (7), de Pr\u00e9sident de tribunal de commerce (1), de Procureur du Roi pr\u00e8s un tribunal de premi\u00e8re instance (3) et de Procureur du Roi pr\u00e8s un tribunal de commerce (1).<\/p>\n<p style=\"text-align: justify;\">Un responsable judiciaire a \u00e9t\u00e9 relev\u00e9 de ses fonctions, pr\u00e9cise la m\u00eame source.<\/p>\n<p>L\u2019article <a rel=\"nofollow\" href=\"https:\/\/www.mapoujda.ma\/fr\/sm-le-roi-accorde-son-approbation-a-la-nomination-de-responsables-judiciaires-dans-plusieurs-juridictions-du-royaume\/\">SM le Roi accorde Son approbation \u00e0 la nomination de responsables judiciaires dans plusieurs juridictions du Royaume<\/a> est apparu en premier sur <a rel=\"nofollow\" href=\"https:\/\/www.mapoujda.ma\/fr\">MapOujda<\/a>.<\/p>\n<\/div>\n<p>Auteur: Soufiane ELAHMAR<br \/>\n<a href=\"https:\/\/www.mapoujda.ma\/fr\/sm-le-roi-accorde-son-approbation-a-la-nomination-de-responsables-judiciaires-dans-plusieurs-juridictions-du-royaume\/\">Cliquez ici pour lire l&rsquo;article depuis sa source.<\/a><\/p>\n","protected":false},"excerpt":{"rendered":"<p>Sa Majest\u00e9 le Roi Mohammed VI, que Dieu L\u2019assiste, Pr\u00e9sident du Conseil sup\u00e9rieur du pouvoir judiciaire (CSPJ), a accord\u00e9 Sa Haute approbation \u00e0 la nomination de responsables judiciaires dans plusieurs juridictions du Royaume. Ces nominations interviennent suite \u00e0 la vacance de quatre postes de responsabilit\u00e9 apr\u00e8s la d\u00e9cision de mise \u00e0 la retraite des magistrats [&hellip;]<\/p>\n","protected":false},"author":1788,"featured_media":0,"comment_status":"closed","ping_status":"closed","sticky":false,"template":"","format":"standard","meta":{"fifu_image_url":"https:\/\/www.mapoujda.ma\/map\/uploads\/2020\/05\/Portrait-SM-le-Roi-M750\u00d7430-MAP.jpg","fifu_image_alt":"SM le Roi accorde Son approbation \u00e0 la nomination de responsables judiciaires dans plusieurs juridictions du Royaume","footnotes":""},"categories":[54,76],"tags":[],"class_list":["post-140413","post","type-post","status-publish","format-standard","hentry","category-maroc","category-regions"],"_links":{"self":[{"href":"https:\/\/linitiative.ca\/International\/wp-json\/wp\/v2\/posts\/140413","targetHints":{"allow":["GET"]}}],"collection":[{"href":"https:\/\/linitiative.ca\/International\/wp-json\/wp\/v2\/posts"}],"about":[{"href":"https:\/\/linitiative.ca\/International\/wp-json\/wp\/v2\/types\/post"}],"author":[{"embeddable":true,"href":"https:\/\/linitiative.ca\/International\/wp-json\/wp\/v2\/users\/1788"}],"replies":[{"embeddable":true,"href":"https:\/\/linitiative.ca\/International\/wp-json\/wp\/v2\/comments?post=140413"}],"version-history":[{"count":0,"href":"https:\/\/linitiative.ca\/International\/wp-json\/wp\/v2\/posts\/140413\/revisions"}],"wp:attachment":[{"href":"https:\/\/linitiative.ca\/International\/wp-json\/wp\/v2\/media?parent=140413"}],"wp:term":[{"taxonomy":"category","embeddable":true,"href":"https:\/\/linitiative.ca\/International\/wp-json\/wp\/v2\/categories?post=140413"},{"taxonomy":"post_tag","embeddable":true,"href":"https:\/\/linitiative.ca\/International\/wp-json\/wp\/v2\/tags?post=140413"}],"curies":[{"name":"wp","href":"https:\/\/api.w.org\/{rel}","templated":true}]}}