{"id":140415,"date":"2022-02-09T08:06:01","date_gmt":"2022-02-09T13:06:01","guid":{"rendered":"https:\/\/linitiative.ca\/International\/casa-settat-nouvelle-etape-pour-le-futur-plan-de-developpement-regional\/"},"modified":"2022-02-09T08:06:01","modified_gmt":"2022-02-09T13:06:01","slug":"casa-settat-nouvelle-etape-pour-le-futur-plan-de-developpement-regional","status":"publish","type":"post","link":"https:\/\/linitiative.ca\/International\/casa-settat-nouvelle-etape-pour-le-futur-plan-de-developpement-regional\/","title":{"rendered":"Casa-Settat : Nouvelle \u00e9tape pour le futur Plan de D\u00e9veloppement  R\u00e9gional"},"content":{"rendered":"<div>\n<div class=\"field field-name-body field-type-text-with-summary field-label-hidden\">\n<div class=\"field-items\">\n<div class=\"field-item even\" property=\"content:encoded\">\n<p class=\"rtejustify\">Une rencontre de concertation s\u2019est tenue mercredi 9 f\u00e9vrier au si\u00e8ge de la r\u00e9gion Casablanca, en pr\u00e9sence de Sa\u00efd Ahmidouch et Abdellatif Ma\u00e2zouz, respectivement wali et Pr\u00e9sident de la r\u00e9gion Casa-Settat.<\/p>\n<\/div>\n<\/div>\n<\/div>\n<\/div>\n<p>Auteur: mbasraoui<br \/>\n<a href=\"https:\/\/www.leconomiste.com\/flash-infos\/casa-settat-nouvelle-etape-pour-le-futur-plan-de-developpement-regional\">Cliquez ici pour lire l&rsquo;article depuis sa source.<\/a><\/p>\n","protected":false},"excerpt":{"rendered":"<p>Une rencontre de concertation s\u2019est tenue mercredi 9 f\u00e9vrier au si\u00e8ge de la r\u00e9gion Casablanca, en pr\u00e9sence de Sa\u00efd Ahmidouch et Abdellatif Ma\u00e2zouz, respectivement wali et Pr\u00e9sident de la r\u00e9gion Casa-Settat. Auteur: mbasraoui Cliquez ici pour lire l&rsquo;article depuis sa source.<\/p>\n","protected":false},"author":1763,"featured_media":0,"comment_status":"closed","ping_status":"closed","sticky":false,"template":"","format":"standard","meta":{"fifu_image_url":"","fifu_image_alt":"","footnotes":""},"categories":[78,54],"tags":[],"class_list":["post-140415","post","type-post","status-publish","format-standard","hentry","category-economie","category-maroc"],"_links":{"self":[{"href":"https:\/\/linitiative.ca\/International\/wp-json\/wp\/v2\/posts\/140415","targetHints":{"allow":["GET"]}}],"collection":[{"href":"https:\/\/linitiative.ca\/International\/wp-json\/wp\/v2\/posts"}],"about":[{"href":"https:\/\/linitiative.ca\/International\/wp-json\/wp\/v2\/types\/post"}],"author":[{"embeddable":true,"href":"https:\/\/linitiative.ca\/International\/wp-json\/wp\/v2\/users\/1763"}],"replies":[{"embeddable":true,"href":"https:\/\/linitiative.ca\/International\/wp-json\/wp\/v2\/comments?post=140415"}],"version-history":[{"count":0,"href":"https:\/\/linitiative.ca\/International\/wp-json\/wp\/v2\/posts\/140415\/revisions"}],"wp:attachment":[{"href":"https:\/\/linitiative.ca\/International\/wp-json\/wp\/v2\/media?parent=140415"}],"wp:term":[{"taxonomy":"category","embeddable":true,"href":"https:\/\/linitiative.ca\/International\/wp-json\/wp\/v2\/categories?post=140415"},{"taxonomy":"post_tag","embeddable":true,"href":"https:\/\/linitiative.ca\/International\/wp-json\/wp\/v2\/tags?post=140415"}],"curies":[{"name":"wp","href":"https:\/\/api.w.org\/{rel}","templated":true}]}}