{"id":140420,"date":"2022-02-09T02:29:00","date_gmt":"2022-02-09T07:29:00","guid":{"rendered":"https:\/\/linitiative.ca\/International\/senegal-arsene-wenger-impressionne-par-saliou-ciss\/"},"modified":"2022-02-09T02:29:00","modified_gmt":"2022-02-09T07:29:00","slug":"senegal-arsene-wenger-impressionne-par-saliou-ciss","status":"publish","type":"post","link":"https:\/\/linitiative.ca\/International\/senegal-arsene-wenger-impressionne-par-saliou-ciss\/","title":{"rendered":"S\u00e9n\u00e9gal : Ars\u00e8ne Wenger impressionn\u00e9 par Saliou Ciss"},"content":{"rendered":"<div>Nomm\u00e9 dans l&rsquo;\u00e9quipe-type officielle de la CAN 2021, Saliou Ciss (32 ans) a impressionn\u00e9 durant toute la comp\u00e9tition.<\/div>\n<p>Auteur:<br \/>\n<a href=\"https:\/\/www.lebuteur.com\/article\/detail?titre=senegal-arsene-wenger-impressionne-par-saliou-ciss&#038;id=102265\">Cliquez ici pour lire l&rsquo;article depuis sa source.<\/a><\/p>\n","protected":false},"excerpt":{"rendered":"<p>Nomm\u00e9 dans l&rsquo;\u00e9quipe-type officielle de la CAN 2021, Saliou Ciss (32 ans) a impressionn\u00e9 durant toute la comp\u00e9tition. Auteur: Cliquez ici pour lire l&rsquo;article depuis sa source.<\/p>\n","protected":false},"author":1738,"featured_media":0,"comment_status":"closed","ping_status":"closed","sticky":false,"template":"","format":"standard","meta":{"fifu_image_url":"","fifu_image_alt":"","footnotes":""},"categories":[53,75],"tags":[],"class_list":["post-140420","post","type-post","status-publish","format-standard","hentry","category-algerie","category-sport"],"_links":{"self":[{"href":"https:\/\/linitiative.ca\/International\/wp-json\/wp\/v2\/posts\/140420","targetHints":{"allow":["GET"]}}],"collection":[{"href":"https:\/\/linitiative.ca\/International\/wp-json\/wp\/v2\/posts"}],"about":[{"href":"https:\/\/linitiative.ca\/International\/wp-json\/wp\/v2\/types\/post"}],"author":[{"embeddable":true,"href":"https:\/\/linitiative.ca\/International\/wp-json\/wp\/v2\/users\/1738"}],"replies":[{"embeddable":true,"href":"https:\/\/linitiative.ca\/International\/wp-json\/wp\/v2\/comments?post=140420"}],"version-history":[{"count":0,"href":"https:\/\/linitiative.ca\/International\/wp-json\/wp\/v2\/posts\/140420\/revisions"}],"wp:attachment":[{"href":"https:\/\/linitiative.ca\/International\/wp-json\/wp\/v2\/media?parent=140420"}],"wp:term":[{"taxonomy":"category","embeddable":true,"href":"https:\/\/linitiative.ca\/International\/wp-json\/wp\/v2\/categories?post=140420"},{"taxonomy":"post_tag","embeddable":true,"href":"https:\/\/linitiative.ca\/International\/wp-json\/wp\/v2\/tags?post=140420"}],"curies":[{"name":"wp","href":"https:\/\/api.w.org\/{rel}","templated":true}]}}