{"id":140421,"date":"2022-02-09T07:36:00","date_gmt":"2022-02-09T12:36:00","guid":{"rendered":"https:\/\/linitiative.ca\/International\/sadio-mane-pret-a-quitter-liverpool\/"},"modified":"2022-02-09T07:36:00","modified_gmt":"2022-02-09T12:36:00","slug":"sadio-mane-pret-a-quitter-liverpool","status":"publish","type":"post","link":"https:\/\/linitiative.ca\/International\/sadio-mane-pret-a-quitter-liverpool\/","title":{"rendered":"Sadio Man\u00e9 pr\u00eat \u00e0 quitter Liverpool ?"},"content":{"rendered":"<div>Apr\u00e8s avoir tout remport\u00e9 avec Liverpool, Sadio Man\u00e9 a sans aucun doute franchi le cap suppl\u00e9mentaire en conduisant le S\u00e9n\u00e9gal \u00e0 son premier triomphe de l&rsquo;histoire \u00e0 la CAN 2021<\/div>\n<p>Auteur:<br \/>\n<a href=\"https:\/\/www.lebuteur.com\/article\/detail?titre=sadio-mane-pret-a-quitter-liverpool&#038;id=102266\">Cliquez ici pour lire l&rsquo;article depuis sa source.<\/a><\/p>\n","protected":false},"excerpt":{"rendered":"<p>Apr\u00e8s avoir tout remport\u00e9 avec Liverpool, Sadio Man\u00e9 a sans aucun doute franchi le cap suppl\u00e9mentaire en conduisant le S\u00e9n\u00e9gal \u00e0 son premier triomphe de l&rsquo;histoire \u00e0 la CAN 2021 Auteur: Cliquez ici pour lire l&rsquo;article depuis sa source.<\/p>\n","protected":false},"author":1738,"featured_media":0,"comment_status":"closed","ping_status":"closed","sticky":false,"template":"","format":"standard","meta":{"fifu_image_url":"","fifu_image_alt":"","footnotes":""},"categories":[53,75],"tags":[],"class_list":["post-140421","post","type-post","status-publish","format-standard","hentry","category-algerie","category-sport"],"_links":{"self":[{"href":"https:\/\/linitiative.ca\/International\/wp-json\/wp\/v2\/posts\/140421","targetHints":{"allow":["GET"]}}],"collection":[{"href":"https:\/\/linitiative.ca\/International\/wp-json\/wp\/v2\/posts"}],"about":[{"href":"https:\/\/linitiative.ca\/International\/wp-json\/wp\/v2\/types\/post"}],"author":[{"embeddable":true,"href":"https:\/\/linitiative.ca\/International\/wp-json\/wp\/v2\/users\/1738"}],"replies":[{"embeddable":true,"href":"https:\/\/linitiative.ca\/International\/wp-json\/wp\/v2\/comments?post=140421"}],"version-history":[{"count":0,"href":"https:\/\/linitiative.ca\/International\/wp-json\/wp\/v2\/posts\/140421\/revisions"}],"wp:attachment":[{"href":"https:\/\/linitiative.ca\/International\/wp-json\/wp\/v2\/media?parent=140421"}],"wp:term":[{"taxonomy":"category","embeddable":true,"href":"https:\/\/linitiative.ca\/International\/wp-json\/wp\/v2\/categories?post=140421"},{"taxonomy":"post_tag","embeddable":true,"href":"https:\/\/linitiative.ca\/International\/wp-json\/wp\/v2\/tags?post=140421"}],"curies":[{"name":"wp","href":"https:\/\/api.w.org\/{rel}","templated":true}]}}