{"id":140425,"date":"2022-02-09T05:30:00","date_gmt":"2022-02-09T10:30:00","guid":{"rendered":"https:\/\/linitiative.ca\/International\/abdelmajid-charfi-lislam-politique-na-pas-davenir-sauf-en-tant-que-force-conservatrice-marginale\/"},"modified":"2022-02-09T05:30:00","modified_gmt":"2022-02-09T10:30:00","slug":"abdelmajid-charfi-lislam-politique-na-pas-davenir-sauf-en-tant-que-force-conservatrice-marginale","status":"publish","type":"post","link":"https:\/\/linitiative.ca\/International\/abdelmajid-charfi-lislam-politique-na-pas-davenir-sauf-en-tant-que-force-conservatrice-marginale\/","title":{"rendered":"Abdelmajid Charfi : L\u2019Islam politique n\u2019a pas d\u2019avenir, sauf en tant que force conservatrice marginale"},"content":{"rendered":"<div><img decoding=\"async\" src=\"https:\/\/linitiative.ca\/International\/wp-content\/uploads\/sites\/23\/2022\/02\/1644395704_article.jpg\" alt=\"Abdelmajid Charfi : L\u2019Islam politique n\u2019a pas d\u2019avenir, sauf en tant que force conservatrice marginale\" align=\"left\">L\u2019islam politique pourrait-il \u00e9voluer en parti d\u00e9mocratique ? Quelle place occupera-t-il \u00e0 l\u2019avenir, notamment en Tunisie apr\u00e8s le 25 juillet ? Et comment concilier Islam et modernit\u00e9 ? Autant de questions que nous avons pos\u00e9es au professeur Abdelmajid Charfi, dans le cadre d\u2019une grande interview accord\u00e9e \u00e0 Leaders.<br \/>\nQuel est l\u2019avenir de l\u2019Islam politique?<br \/>\nIl va perdurer en tant que force conservatrice marginale. Il a \u00e9t\u00e9 progressivement d\u00e9laiss\u00e9 par les \u00c9tats-Unis d\u2019Am\u00e9rique, suivis par d\u2019autres puissances occidentales, et c\u2019est une donn\u00e9e importante. En outre, son exercice au pouvoir n\u2019a pas \u00e9t\u00e9 concluant. Son avenir sera r\u00e9duit \u00e0 sa v\u00e9ritable &#8230;<\/p>\n<\/div>\n<p>Auteur:<br \/>\n<a href=\"https:\/\/www.leaders.com.tn\/article\/32947-abdelmajid-charfi-l-islam-politique-n-a-pas-d-avenir-sauf-en-tant-que-force-conservatrice-marginale\">Cliquez ici pour lire l&rsquo;article depuis sa source.<\/a><\/p>\n","protected":false},"excerpt":{"rendered":"<p>L\u2019islam politique pourrait-il \u00e9voluer en parti d\u00e9mocratique ? Quelle place occupera-t-il \u00e0 l\u2019avenir, notamment en Tunisie apr\u00e8s le 25 juillet ? Et comment concilier Islam et modernit\u00e9 ? Autant de questions que nous avons pos\u00e9es au professeur Abdelmajid Charfi, dans le cadre d\u2019une grande interview accord\u00e9e \u00e0 Leaders. Quel est l\u2019avenir de l\u2019Islam politique? Il [&hellip;]<\/p>\n","protected":false},"author":1772,"featured_media":0,"comment_status":"closed","ping_status":"closed","sticky":false,"template":"","format":"standard","meta":{"fifu_image_url":"http:\/\/www.leaders.com.tn\/uploads\/content\/thumbnails_small\/1644395704_article.jpg","fifu_image_alt":"Abdelmajid Charfi : L\u2019Islam politique n\u2019a pas d\u2019avenir, sauf en tant que force conservatrice marginale","footnotes":""},"categories":[73,55],"tags":[],"class_list":["post-140425","post","type-post","status-publish","format-standard","hentry","category-actualite","category-tunisie"],"_links":{"self":[{"href":"https:\/\/linitiative.ca\/International\/wp-json\/wp\/v2\/posts\/140425","targetHints":{"allow":["GET"]}}],"collection":[{"href":"https:\/\/linitiative.ca\/International\/wp-json\/wp\/v2\/posts"}],"about":[{"href":"https:\/\/linitiative.ca\/International\/wp-json\/wp\/v2\/types\/post"}],"author":[{"embeddable":true,"href":"https:\/\/linitiative.ca\/International\/wp-json\/wp\/v2\/users\/1772"}],"replies":[{"embeddable":true,"href":"https:\/\/linitiative.ca\/International\/wp-json\/wp\/v2\/comments?post=140425"}],"version-history":[{"count":0,"href":"https:\/\/linitiative.ca\/International\/wp-json\/wp\/v2\/posts\/140425\/revisions"}],"wp:attachment":[{"href":"https:\/\/linitiative.ca\/International\/wp-json\/wp\/v2\/media?parent=140425"}],"wp:term":[{"taxonomy":"category","embeddable":true,"href":"https:\/\/linitiative.ca\/International\/wp-json\/wp\/v2\/categories?post=140425"},{"taxonomy":"post_tag","embeddable":true,"href":"https:\/\/linitiative.ca\/International\/wp-json\/wp\/v2\/tags?post=140425"}],"curies":[{"name":"wp","href":"https:\/\/api.w.org\/{rel}","templated":true}]}}