{"id":140427,"date":"2022-02-09T13:23:00","date_gmt":"2022-02-09T18:23:00","guid":{"rendered":"https:\/\/linitiative.ca\/International\/visite-virtuelle-dune-mission-du-fmi-a-tunis-ce-lundi-boucler-les-discussions-techniques-pour-engager-les-negociations\/"},"modified":"2022-02-09T13:23:00","modified_gmt":"2022-02-09T18:23:00","slug":"visite-virtuelle-dune-mission-du-fmi-a-tunis-ce-lundi-boucler-les-discussions-techniques-pour-engager-les-negociations","status":"publish","type":"post","link":"https:\/\/linitiative.ca\/International\/visite-virtuelle-dune-mission-du-fmi-a-tunis-ce-lundi-boucler-les-discussions-techniques-pour-engager-les-negociations\/","title":{"rendered":"Visite virtuelle d\u2019une mission du FMI \u00e0 Tunis, ce lundi : boucler les discussions techniques pour engager les n\u00e9gociations"},"content":{"rendered":"<div><img decoding=\"async\" src=\"https:\/\/linitiative.ca\/International\/wp-content\/uploads\/sites\/23\/2022\/02\/1644428711_article.jpg\" alt=\"Visite virtuelle d\u2019une mission du FMI \u00e0 Tunis, ce lundi : boucler les discussions techniques pour engager les discussions\" align=\"left\">Un signe prometteur vient de Washington D.C. Le Fonds mon\u00e9taire international (FMI) entreprendra \u00e0 partir de ce lundi 14 f\u00e9vrier une s\u00e9rie de r\u00e9unions \u00e0 distances avec les autorit\u00e9s tunisiennes, en format Staff Visit. Conduite par Chris Geiregat, chef de la mission du\u00a0FMI\u00a0en\u00a0Tunisie, elle se poursuivra jusqu\u2019au 22 f\u00e9vrier. A ne pas confondre avec un d\u00e9but de n\u00e9gociation d\u2019un accord de financement d\u2019un programme, il s\u2019agit de \u00ab\u00a0de d\u00e9velopper les discussions quant aux politiques \u00e9conomiques et r\u00e9formes \u00e0 impl\u00e9menter dans le cadre d\u2019un nouveau programme avec le FMI\u00a0\u00bb, apprend Leaders de bonne source.<br \/>\nLe programme, densifi\u00e9, comprend des r\u00e9unions de travail \u00e0 &#8230;<\/p>\n<\/div>\n<p>Auteur:<br \/>\n<a href=\"https:\/\/www.leaders.com.tn\/article\/32949-visite-virtuelle-d-une-mission-du-fmi-a-tunis-ce-lundi-boucler-les-discussions-techniques-pour-engager-les-discussions\">Cliquez ici pour lire l&rsquo;article depuis sa source.<\/a><\/p>\n","protected":false},"excerpt":{"rendered":"<p>Un signe prometteur vient de Washington D.C. Le Fonds mon\u00e9taire international (FMI) entreprendra \u00e0 partir de ce lundi 14 f\u00e9vrier une s\u00e9rie de r\u00e9unions \u00e0 distances avec les autorit\u00e9s tunisiennes, en format Staff Visit. Conduite par Chris Geiregat, chef de la mission du\u00a0FMI\u00a0en\u00a0Tunisie, elle se poursuivra jusqu\u2019au 22 f\u00e9vrier. A ne pas confondre avec un [&hellip;]<\/p>\n","protected":false},"author":1772,"featured_media":0,"comment_status":"closed","ping_status":"closed","sticky":false,"template":"","format":"standard","meta":{"fifu_image_url":"http:\/\/www.leaders.com.tn\/uploads\/content\/thumbnails_small\/1644428711_article.jpg","fifu_image_alt":"Visite virtuelle d\u2019une mission du FMI \u00e0 Tunis, ce lundi : boucler les discussions techniques pour engager les n\u00e9gociations","footnotes":""},"categories":[73,55],"tags":[],"class_list":["post-140427","post","type-post","status-publish","format-standard","hentry","category-actualite","category-tunisie"],"_links":{"self":[{"href":"https:\/\/linitiative.ca\/International\/wp-json\/wp\/v2\/posts\/140427","targetHints":{"allow":["GET"]}}],"collection":[{"href":"https:\/\/linitiative.ca\/International\/wp-json\/wp\/v2\/posts"}],"about":[{"href":"https:\/\/linitiative.ca\/International\/wp-json\/wp\/v2\/types\/post"}],"author":[{"embeddable":true,"href":"https:\/\/linitiative.ca\/International\/wp-json\/wp\/v2\/users\/1772"}],"replies":[{"embeddable":true,"href":"https:\/\/linitiative.ca\/International\/wp-json\/wp\/v2\/comments?post=140427"}],"version-history":[{"count":0,"href":"https:\/\/linitiative.ca\/International\/wp-json\/wp\/v2\/posts\/140427\/revisions"}],"wp:attachment":[{"href":"https:\/\/linitiative.ca\/International\/wp-json\/wp\/v2\/media?parent=140427"}],"wp:term":[{"taxonomy":"category","embeddable":true,"href":"https:\/\/linitiative.ca\/International\/wp-json\/wp\/v2\/categories?post=140427"},{"taxonomy":"post_tag","embeddable":true,"href":"https:\/\/linitiative.ca\/International\/wp-json\/wp\/v2\/tags?post=140427"}],"curies":[{"name":"wp","href":"https:\/\/api.w.org\/{rel}","templated":true}]}}