{"id":140436,"date":"2022-02-09T12:28:15","date_gmt":"2022-02-09T17:28:15","guid":{"rendered":"https:\/\/linitiative.ca\/International\/tanger-med-la-dematerialisation-totale-du-passage-portuaire-effective-des-ce-15-fevrier\/"},"modified":"2022-02-09T12:28:15","modified_gmt":"2022-02-09T17:28:15","slug":"tanger-med-la-dematerialisation-totale-du-passage-portuaire-effective-des-ce-15-fevrier","status":"publish","type":"post","link":"https:\/\/linitiative.ca\/International\/tanger-med-la-dematerialisation-totale-du-passage-portuaire-effective-des-ce-15-fevrier\/","title":{"rendered":"Tanger Med. La d\u00e9mat\u00e9rialisation totale du passage portuaire effective d\u00e8s ce 15 f\u00e9vrier"},"content":{"rendered":"<div><img decoding=\"async\" width=\"700\" height=\"467\" src=\"https:\/\/linitiative.ca\/International\/wp-content\/uploads\/sites\/23\/2022\/02\/Port-de-Tanger-Med.jpg\" class=\"attachment-post-thumbnail size-post-thumbnail wp-post-image\" alt=\"\" loading=\"lazy\" srcset=\"https:\/\/linitiative.ca\/International\/wp-content\/uploads\/sites\/23\/2022\/02\/Port-de-Tanger-Med.jpg 700w, https:\/\/www.challenge.ma\/wp-content\/uploads\/2022\/02\/Port-de-Tanger-Med-300x200.jpg 300w, https:\/\/www.challenge.ma\/wp-content\/uploads\/2022\/02\/Port-de-Tanger-Med-360x240.jpg 360w\" sizes=\"auto, (max-width: 700px) 100vw, 700px\" itemprop=\"image\">Le compte \u00e0 rebours est lanc\u00e9. En effet, la d\u00e9mat\u00e9rialisation totale du passage portuaire obligatoire de Tanger Med s\u2019effectuera dans quelques jours, plus exactement \u00e0 partir du 15 f\u00e9vrier courant. Un process initi\u00e9 par Tanger Med qui joue ainsi la carte de l\u2019innovation. \u00a0 La vague de digitalisation et du<\/div>\n<p>Auteur: challenge<br \/>\n<a href=\"https:\/\/www.challenge.ma\/tanger-med-la-dematerialisation-totale-du-passage-portuaire-effective-des-ce-15-fevrier-232308\/\">Cliquez ici pour lire l&rsquo;article depuis sa source.<\/a><\/p>\n","protected":false},"excerpt":{"rendered":"<p>Le compte \u00e0 rebours est lanc\u00e9. En effet, la d\u00e9mat\u00e9rialisation totale du passage portuaire obligatoire de Tanger Med s\u2019effectuera dans quelques jours, plus exactement \u00e0 partir du 15 f\u00e9vrier courant. Un process initi\u00e9 par Tanger Med qui joue ainsi la carte de l\u2019innovation. \u00a0 La vague de digitalisation et du Auteur: challenge Cliquez ici pour [&hellip;]<\/p>\n","protected":false},"author":1787,"featured_media":0,"comment_status":"closed","ping_status":"closed","sticky":false,"template":"","format":"standard","meta":{"fifu_image_url":"https:\/\/www.challenge.ma\/wp-content\/uploads\/2022\/02\/Port-de-Tanger-Med.jpg","fifu_image_alt":"Tanger Med. La d\u00e9mat\u00e9rialisation totale du passage portuaire effective d\u00e8s ce 15 f\u00e9vrier","footnotes":""},"categories":[78,54],"tags":[],"class_list":["post-140436","post","type-post","status-publish","format-standard","hentry","category-economie","category-maroc"],"_links":{"self":[{"href":"https:\/\/linitiative.ca\/International\/wp-json\/wp\/v2\/posts\/140436","targetHints":{"allow":["GET"]}}],"collection":[{"href":"https:\/\/linitiative.ca\/International\/wp-json\/wp\/v2\/posts"}],"about":[{"href":"https:\/\/linitiative.ca\/International\/wp-json\/wp\/v2\/types\/post"}],"author":[{"embeddable":true,"href":"https:\/\/linitiative.ca\/International\/wp-json\/wp\/v2\/users\/1787"}],"replies":[{"embeddable":true,"href":"https:\/\/linitiative.ca\/International\/wp-json\/wp\/v2\/comments?post=140436"}],"version-history":[{"count":0,"href":"https:\/\/linitiative.ca\/International\/wp-json\/wp\/v2\/posts\/140436\/revisions"}],"wp:attachment":[{"href":"https:\/\/linitiative.ca\/International\/wp-json\/wp\/v2\/media?parent=140436"}],"wp:term":[{"taxonomy":"category","embeddable":true,"href":"https:\/\/linitiative.ca\/International\/wp-json\/wp\/v2\/categories?post=140436"},{"taxonomy":"post_tag","embeddable":true,"href":"https:\/\/linitiative.ca\/International\/wp-json\/wp\/v2\/tags?post=140436"}],"curies":[{"name":"wp","href":"https:\/\/api.w.org\/{rel}","templated":true}]}}