{"id":140438,"date":"2022-02-09T12:40:00","date_gmt":"2022-02-09T17:40:00","guid":{"rendered":"https:\/\/linitiative.ca\/International\/takaful-les-ambitions-du-groupe-wafa-assurance\/"},"modified":"2022-02-09T12:40:00","modified_gmt":"2022-02-09T17:40:00","slug":"takaful-les-ambitions-du-groupe-wafa-assurance","status":"publish","type":"post","link":"https:\/\/linitiative.ca\/International\/takaful-les-ambitions-du-groupe-wafa-assurance\/","title":{"rendered":"Takaful. Les ambitions du groupe Wafa Assurance"},"content":{"rendered":"<div><img decoding=\"async\" width=\"1600\" height=\"898\" src=\"https:\/\/linitiative.ca\/International\/wp-content\/uploads\/sites\/23\/2022\/02\/RamseCC80s-ARROUB.jpg\" class=\"attachment-post-thumbnail size-post-thumbnail wp-post-image\" alt=\"\" loading=\"lazy\" srcset=\"https:\/\/linitiative.ca\/International\/wp-content\/uploads\/sites\/23\/2022\/02\/RamseCC80s-ARROUB.jpg 1600w, https:\/\/www.challenge.ma\/wp-content\/uploads\/2022\/02\/Ramse\u0300s-ARROUB-300x168.jpg 300w, https:\/\/www.challenge.ma\/wp-content\/uploads\/2022\/02\/Ramse\u0300s-ARROUB-1024x575.jpg 1024w, https:\/\/www.challenge.ma\/wp-content\/uploads\/2022\/02\/Ramse\u0300s-ARROUB-768x431.jpg 768w, https:\/\/www.challenge.ma\/wp-content\/uploads\/2022\/02\/Ramse\u0300s-ARROUB-1536x862.jpg 1536w, https:\/\/www.challenge.ma\/wp-content\/uploads\/2022\/02\/Ramse\u0300s-ARROUB-360x202.jpg 360w, https:\/\/www.challenge.ma\/wp-content\/uploads\/2022\/02\/Ramse\u0300s-ARROUB-750x421.jpg 750w\" sizes=\"auto, (max-width: 1600px) 100vw, 1600px\" itemprop=\"image\">Le groupe Wafa Assurance lance sa filiale d\u00e9di\u00e9e \u00e0 l\u2019assurance Takaful. Baptis\u00e9e Wafa Takaful, cette filiale, qui a r\u00e9cemment obtenu son agr\u00e9ment aupr\u00e8s de l\u2019ACAPS (Autorit\u00e9 de contr\u00f4le des assurances et de la pr\u00e9voyance sociale), nourrit de grandes ambitions sur ce march\u00e9 naissant. \u00ab\u00a0Wafa Takaful, filiale \u00e0 100% de Wafa<\/div>\n<p>Auteur: challenge<br \/>\n<a href=\"https:\/\/www.challenge.ma\/takaful-les-ambitions-du-groupe-wafa-assurance-232313\/\">Cliquez ici pour lire l&rsquo;article depuis sa source.<\/a><\/p>\n","protected":false},"excerpt":{"rendered":"<p>Le groupe Wafa Assurance lance sa filiale d\u00e9di\u00e9e \u00e0 l\u2019assurance Takaful. Baptis\u00e9e Wafa Takaful, cette filiale, qui a r\u00e9cemment obtenu son agr\u00e9ment aupr\u00e8s de l\u2019ACAPS (Autorit\u00e9 de contr\u00f4le des assurances et de la pr\u00e9voyance sociale), nourrit de grandes ambitions sur ce march\u00e9 naissant. \u00ab\u00a0Wafa Takaful, filiale \u00e0 100% de Wafa Auteur: challenge Cliquez ici pour [&hellip;]<\/p>\n","protected":false},"author":1787,"featured_media":0,"comment_status":"closed","ping_status":"closed","sticky":false,"template":"","format":"standard","meta":{"fifu_image_url":"https:\/\/www.challenge.ma\/wp-content\/uploads\/2022\/02\/Ramse\u0300s-ARROUB.jpg","fifu_image_alt":"Takaful. Les ambitions du groupe Wafa Assurance","footnotes":""},"categories":[78,54],"tags":[],"class_list":["post-140438","post","type-post","status-publish","format-standard","hentry","category-economie","category-maroc"],"_links":{"self":[{"href":"https:\/\/linitiative.ca\/International\/wp-json\/wp\/v2\/posts\/140438","targetHints":{"allow":["GET"]}}],"collection":[{"href":"https:\/\/linitiative.ca\/International\/wp-json\/wp\/v2\/posts"}],"about":[{"href":"https:\/\/linitiative.ca\/International\/wp-json\/wp\/v2\/types\/post"}],"author":[{"embeddable":true,"href":"https:\/\/linitiative.ca\/International\/wp-json\/wp\/v2\/users\/1787"}],"replies":[{"embeddable":true,"href":"https:\/\/linitiative.ca\/International\/wp-json\/wp\/v2\/comments?post=140438"}],"version-history":[{"count":0,"href":"https:\/\/linitiative.ca\/International\/wp-json\/wp\/v2\/posts\/140438\/revisions"}],"wp:attachment":[{"href":"https:\/\/linitiative.ca\/International\/wp-json\/wp\/v2\/media?parent=140438"}],"wp:term":[{"taxonomy":"category","embeddable":true,"href":"https:\/\/linitiative.ca\/International\/wp-json\/wp\/v2\/categories?post=140438"},{"taxonomy":"post_tag","embeddable":true,"href":"https:\/\/linitiative.ca\/International\/wp-json\/wp\/v2\/tags?post=140438"}],"curies":[{"name":"wp","href":"https:\/\/api.w.org\/{rel}","templated":true}]}}