{"id":14044,"date":"2019-02-14T04:37:00","date_gmt":"2019-02-14T09:37:00","guid":{"rendered":"https:\/\/linitiative.ca\/International\/laurent-fabius-a-youssef-chahed-le-choix-des-sages-membre-de-la-cour-constitutionnelle-est-essentiel\/"},"modified":"2019-02-14T04:37:00","modified_gmt":"2019-02-14T09:37:00","slug":"laurent-fabius-a-youssef-chahed-le-choix-des-sages-membre-de-la-cour-constitutionnelle-est-essentiel","status":"publish","type":"post","link":"https:\/\/linitiative.ca\/International\/laurent-fabius-a-youssef-chahed-le-choix-des-sages-membre-de-la-cour-constitutionnelle-est-essentiel\/","title":{"rendered":"Laurent Fabius \u00e0 Youssef Chahed : Le choix des Sages membre de la Cour constitutionnelle est essentiel"},"content":{"rendered":"<p>Le hasard du calendrier a voulu que l\u2019entretien Youssef Chahed, mercredi en d\u00e9but d\u2019apr\u00e8s-midi \u00e0 Paris co\u00efncide avec le d\u00e9part de Lionel Jospin et l\u2019arriv\u00e9e d\u2019Alain Jupp\u00e9 au Conseil Constitutionnel, parmi les Sages. Ce n\u2019est pas sans symbolique. A peine arriv\u00e9 \u00e0 Paris, le chef du Gouvernement a eu un long entretien avec le pr\u00e9sident du Conseil Constitutionnel. Il avait \u00e0 ses c\u00f4t\u00e9s, notamment, deux Constituants, Zied Ladhari et Iyad Dahmani.<\/p>\n<p>\u2018\u2019C\u2019\u00e9tait une rencontre de Sages, commente \u00e0 Leaders, une source proche du Conseil. Le pr\u00e9sident Fabius qui \u00e9tait tout sauf donneur de le\u00e7on, a partag\u00e9 avec son h\u00f4te les avantages \u00e9vidents et le r\u00f4le du Conseil d\u00e8s lors qu\u2019il y a un filtre pour traiter et arbitrer les diff\u00e9rents recours, en faisant travailler tous les interm\u00e9diaires formant le Conseil d\u2019Etat. Comment rendre la justice supr\u00eame accessible \u00e0 tous les citoyens, sans encombrement: c\u2019est le vrai premier d\u00e9fi. Le deuxi\u00e8me, et ce n\u2019est pas des moindre, c\u2019est de pouvoir allier au sein du Conseil \u00e0 la fois des juristes et autres sp\u00e9cialistes, mais aussi des politiques qui connaissent bien le terrain et la praticit\u00e9 des d\u00e9cisions \u00e0 mettre en \u0153uvre. Le choix des Sages est essentiel\u2019\u2019<\/p>\n<p>\u2018\u2019Laurent Fabius a propos\u00e9, ajoute la m\u00eame source, tout appui souhait\u00e9 en termes d\u2019informations, d\u2019expertise et autres pour soutenir la future Cour constitutionnelle Tunisienne.<\/p>\n<p><strong>Lire aussi<\/strong><\/p>\n<p><a href=\"http:\/\/www.leaders.com.tn\/article\/26509-youssef-chahed-conduit-9-ministres-a-paris-pour-48-heures-de-relance\" target=\"_blank\">Youssef Chahed conduit 9 ministres \u00e0 Paris pour 48 heures de relance<\/a><\/p>\n<p><a href=\"http:\/\/www.leaders.com.tn\/article\/26522-a-la-station-f-paris-chahed-promet-d-accelerer-la-creation-de-la-version-tunisienne-de-ce-grand-campus-de-startups\" target=\"_blank\">A la Station F, Paris, Chahed promet d\u2019acc\u00e9l\u00e9rer la cr\u00e9ation de la version tunisienne de ce grand campus de startups<\/a><br \/>\u00a0<\/p>\n<p>\u00a0<\/p>\n<p>Auteur:<br \/>\n<a href=\"http:\/\/www.leaders.com.tn\/article\/26521-laurent-fabius-a-youssef-chahed-le-choix-des-sages-membre-de-la-cour-constitutionnelle-est-essentiel\">Cliquez ici pour lire l&rsquo;article depuis sa source.<\/a><\/p>\n","protected":false},"excerpt":{"rendered":"<p>Le hasard du calendrier a voulu que l\u2019entretien Youssef Chahed, mercredi en d\u00e9but d\u2019apr\u00e8s-midi \u00e0 Paris co\u00efncide avec le d\u00e9part de Lionel Jospin et l\u2019arriv\u00e9e d\u2019Alain Jupp\u00e9 au Conseil Constitutionnel, parmi les Sages. Ce n\u2019est pas sans symbolique. A peine arriv\u00e9 \u00e0 Paris, le chef du Gouvernement a eu un long entretien avec le pr\u00e9sident [&hellip;]<\/p>\n","protected":false},"author":1772,"featured_media":0,"comment_status":"closed","ping_status":"closed","sticky":false,"template":"","format":"standard","meta":{"fifu_image_url":"","fifu_image_alt":"","footnotes":""},"categories":[73,55],"tags":[],"class_list":["post-14044","post","type-post","status-publish","format-standard","hentry","category-actualite","category-tunisie"],"_links":{"self":[{"href":"https:\/\/linitiative.ca\/International\/wp-json\/wp\/v2\/posts\/14044","targetHints":{"allow":["GET"]}}],"collection":[{"href":"https:\/\/linitiative.ca\/International\/wp-json\/wp\/v2\/posts"}],"about":[{"href":"https:\/\/linitiative.ca\/International\/wp-json\/wp\/v2\/types\/post"}],"author":[{"embeddable":true,"href":"https:\/\/linitiative.ca\/International\/wp-json\/wp\/v2\/users\/1772"}],"replies":[{"embeddable":true,"href":"https:\/\/linitiative.ca\/International\/wp-json\/wp\/v2\/comments?post=14044"}],"version-history":[{"count":0,"href":"https:\/\/linitiative.ca\/International\/wp-json\/wp\/v2\/posts\/14044\/revisions"}],"wp:attachment":[{"href":"https:\/\/linitiative.ca\/International\/wp-json\/wp\/v2\/media?parent=14044"}],"wp:term":[{"taxonomy":"category","embeddable":true,"href":"https:\/\/linitiative.ca\/International\/wp-json\/wp\/v2\/categories?post=14044"},{"taxonomy":"post_tag","embeddable":true,"href":"https:\/\/linitiative.ca\/International\/wp-json\/wp\/v2\/tags?post=14044"}],"curies":[{"name":"wp","href":"https:\/\/api.w.org\/{rel}","templated":true}]}}