{"id":140445,"date":"2022-02-09T16:09:19","date_gmt":"2022-02-09T21:09:19","guid":{"rendered":"https:\/\/linitiative.ca\/International\/esperance-de-tunis-un-grand-cadre-defensif-forfait-pour-3-a-4-semaines\/"},"modified":"2022-02-09T16:09:19","modified_gmt":"2022-02-09T21:09:19","slug":"esperance-de-tunis-un-grand-cadre-defensif-forfait-pour-3-a-4-semaines","status":"publish","type":"post","link":"https:\/\/linitiative.ca\/International\/esperance-de-tunis-un-grand-cadre-defensif-forfait-pour-3-a-4-semaines\/","title":{"rendered":"Esp\u00e9rance de Tunis : Un grand cadre d\u00e9fensif forfait pour 3 \u00e0 4 semaines !!"},"content":{"rendered":"<div>\n<p>Un gros coup dur s\u2019est confirm\u00e9 pour l\u2019Esp\u00e9rance de Tunis et son entra\u00eeneur Radhi Ja\u00efdi. ALors que les pr\u00e9paratifs sont au top pur le match inaugural du groupe C de la phase des poules de la C1 contre Jwaneng Galaxy, une blessure d\u2019un cadre d\u00e9fensif changera tout le dispositif technique du match. Il s\u2019agit de [\u2026]<\/p>\n<p>L\u2019article <a href=\"https:\/\/sport.tunisienumerique.com\/esperance-de-tunis-un-grand-cadre-defensif-forfait-pour-3-a-4-semaines\/\">Esp\u00e9rance de Tunis : Un grand cadre d\u00e9fensif forfait pour 3 \u00e0 4 semaines !!<\/a> est apparu en premier sur <a href=\"https:\/\/www.tunisienumerique.com\/\">Tunisie<\/a>.<\/p>\n<\/div>\n<p>Auteur: Hamza Ben Khlifa<br \/>\n<a href=\"https:\/\/sport.tunisienumerique.com\/esperance-de-tunis-un-grand-cadre-defensif-forfait-pour-3-a-4-semaines\/\">Cliquez ici pour lire l&rsquo;article depuis sa source.<\/a><\/p>\n","protected":false},"excerpt":{"rendered":"<p>Un gros coup dur s\u2019est confirm\u00e9 pour l\u2019Esp\u00e9rance de Tunis et son entra\u00eeneur Radhi Ja\u00efdi. ALors que les pr\u00e9paratifs sont au top pur le match inaugural du groupe C de la phase des poules de la C1 contre Jwaneng Galaxy, une blessure d\u2019un cadre d\u00e9fensif changera tout le dispositif technique du match. Il s\u2019agit de [&hellip;]<\/p>\n","protected":false},"author":1789,"featured_media":0,"comment_status":"closed","ping_status":"closed","sticky":false,"template":"","format":"standard","meta":{"fifu_image_url":"","fifu_image_alt":"","footnotes":""},"categories":[73,55],"tags":[],"class_list":["post-140445","post","type-post","status-publish","format-standard","hentry","category-actualite","category-tunisie"],"_links":{"self":[{"href":"https:\/\/linitiative.ca\/International\/wp-json\/wp\/v2\/posts\/140445","targetHints":{"allow":["GET"]}}],"collection":[{"href":"https:\/\/linitiative.ca\/International\/wp-json\/wp\/v2\/posts"}],"about":[{"href":"https:\/\/linitiative.ca\/International\/wp-json\/wp\/v2\/types\/post"}],"author":[{"embeddable":true,"href":"https:\/\/linitiative.ca\/International\/wp-json\/wp\/v2\/users\/1789"}],"replies":[{"embeddable":true,"href":"https:\/\/linitiative.ca\/International\/wp-json\/wp\/v2\/comments?post=140445"}],"version-history":[{"count":0,"href":"https:\/\/linitiative.ca\/International\/wp-json\/wp\/v2\/posts\/140445\/revisions"}],"wp:attachment":[{"href":"https:\/\/linitiative.ca\/International\/wp-json\/wp\/v2\/media?parent=140445"}],"wp:term":[{"taxonomy":"category","embeddable":true,"href":"https:\/\/linitiative.ca\/International\/wp-json\/wp\/v2\/categories?post=140445"},{"taxonomy":"post_tag","embeddable":true,"href":"https:\/\/linitiative.ca\/International\/wp-json\/wp\/v2\/tags?post=140445"}],"curies":[{"name":"wp","href":"https:\/\/api.w.org\/{rel}","templated":true}]}}