{"id":140448,"date":"2022-02-09T17:10:09","date_gmt":"2022-02-09T22:10:09","guid":{"rendered":"https:\/\/linitiative.ca\/International\/tunisie-video-saied-cite-un-article-publie-en-1920-dans-le-journal-al-saweb\/"},"modified":"2022-02-09T17:10:09","modified_gmt":"2022-02-09T22:10:09","slug":"tunisie-video-saied-cite-un-article-publie-en-1920-dans-le-journal-al-saweb","status":"publish","type":"post","link":"https:\/\/linitiative.ca\/International\/tunisie-video-saied-cite-un-article-publie-en-1920-dans-le-journal-al-saweb\/","title":{"rendered":"Tunisie [VIDEO] : Saied cite un article publi\u00e9 en 1920, dans le journal Al Saweb"},"content":{"rendered":"<div>\n<p>La situation en Tunisie, et les points \u00e0 l\u2019ordre du jour de la prochaine r\u00e9union du Conseil des ministres, ont \u00e9t\u00e9 au c\u0153ur de la rencontre entre le pr\u00e9sident de la R\u00e9publique, Kais Saied, aujourd\u2019hui, mercredi, avec la Cheffe du gouvernement, Najla Bouden. Saied a indiqu\u00e9 que la prochaine r\u00e9union du Conseil minist\u00e9riel sera consacr\u00e9e [\u2026]<\/p>\n<p>L\u2019article <a href=\"https:\/\/www.tunisienumerique.com\/tunisie-video-saied-cite-un-article-publie-en-1920-dans-le-journal-al-saweb\/\">Tunisie [VIDEO] : Saied cite un article publi\u00e9 en 1920, dans le journal Al Saweb<\/a> est apparu en premier sur <a href=\"https:\/\/www.tunisienumerique.com\/\">Tunisie<\/a>.<\/p>\n<\/div>\n<p>Auteur: rania ben slimane<br \/>\n<a href=\"https:\/\/www.tunisienumerique.com\/tunisie-video-saied-cite-un-article-publie-en-1920-dans-le-journal-al-saweb\/\">Cliquez ici pour lire l&rsquo;article depuis sa source.<\/a><\/p>\n","protected":false},"excerpt":{"rendered":"<p>La situation en Tunisie, et les points \u00e0 l\u2019ordre du jour de la prochaine r\u00e9union du Conseil des ministres, ont \u00e9t\u00e9 au c\u0153ur de la rencontre entre le pr\u00e9sident de la R\u00e9publique, Kais Saied, aujourd\u2019hui, mercredi, avec la Cheffe du gouvernement, Najla Bouden. Saied a indiqu\u00e9 que la prochaine r\u00e9union du Conseil minist\u00e9riel sera consacr\u00e9e [&hellip;]<\/p>\n","protected":false},"author":1789,"featured_media":0,"comment_status":"closed","ping_status":"closed","sticky":false,"template":"","format":"standard","meta":{"fifu_image_url":"","fifu_image_alt":"","footnotes":""},"categories":[73,55],"tags":[],"class_list":["post-140448","post","type-post","status-publish","format-standard","hentry","category-actualite","category-tunisie"],"_links":{"self":[{"href":"https:\/\/linitiative.ca\/International\/wp-json\/wp\/v2\/posts\/140448","targetHints":{"allow":["GET"]}}],"collection":[{"href":"https:\/\/linitiative.ca\/International\/wp-json\/wp\/v2\/posts"}],"about":[{"href":"https:\/\/linitiative.ca\/International\/wp-json\/wp\/v2\/types\/post"}],"author":[{"embeddable":true,"href":"https:\/\/linitiative.ca\/International\/wp-json\/wp\/v2\/users\/1789"}],"replies":[{"embeddable":true,"href":"https:\/\/linitiative.ca\/International\/wp-json\/wp\/v2\/comments?post=140448"}],"version-history":[{"count":0,"href":"https:\/\/linitiative.ca\/International\/wp-json\/wp\/v2\/posts\/140448\/revisions"}],"wp:attachment":[{"href":"https:\/\/linitiative.ca\/International\/wp-json\/wp\/v2\/media?parent=140448"}],"wp:term":[{"taxonomy":"category","embeddable":true,"href":"https:\/\/linitiative.ca\/International\/wp-json\/wp\/v2\/categories?post=140448"},{"taxonomy":"post_tag","embeddable":true,"href":"https:\/\/linitiative.ca\/International\/wp-json\/wp\/v2\/tags?post=140448"}],"curies":[{"name":"wp","href":"https:\/\/api.w.org\/{rel}","templated":true}]}}