{"id":140449,"date":"2022-02-09T14:49:03","date_gmt":"2022-02-09T19:49:03","guid":{"rendered":"https:\/\/linitiative.ca\/International\/elaboration-de-la-feuille-de-route-de-la-transition\/"},"modified":"2022-02-09T14:49:03","modified_gmt":"2022-02-09T19:49:03","slug":"elaboration-de-la-feuille-de-route-de-la-transition","status":"publish","type":"post","link":"https:\/\/linitiative.ca\/International\/elaboration-de-la-feuille-de-route-de-la-transition\/","title":{"rendered":"ELABORATION DE LA FEUILLE DE ROUTE DE LA TRANSITION"},"content":{"rendered":"<div>\n<p><img decoding=\"async\" width=\"1080\" height=\"638\" src=\"https:\/\/linitiative.ca\/International\/wp-content\/uploads\/sites\/23\/2022\/02\/BF.jpg\" class=\"attachment- size- wp-post-image\" alt=\"\" loading=\"lazy\" style=\"float:left; margin:0 15px 15px 0;\" srcset=\"https:\/\/linitiative.ca\/International\/wp-content\/uploads\/sites\/23\/2022\/02\/BF.jpg 1080w, http:\/\/lepays.bf\/wp-content\/uploads\/2022\/02\/BF-300x177.jpg 300w, http:\/\/lepays.bf\/wp-content\/uploads\/2022\/02\/BF-1024x605.jpg 1024w, http:\/\/lepays.bf\/wp-content\/uploads\/2022\/02\/BF-768x454.jpg 768w\" sizes=\"auto, (max-width: 1080px) 100vw, 1080px\">Le pr\u00e9sident du Mouvement patriotique pour la sauvegarde et la restauration (MPSR) assurant les fonctions de Chef de l\u2019Etat au Burkina Faso, le lieutenant-colonel Paul Henri Damiba, a proc\u00e9d\u00e9, le 8 f\u00e9vrier dernier, \u00e0 l\u2019installation officielle de la Commission technique d\u2019\u00e9laboration de projet de textes et de l\u2019agenda de la transition. Forte de 15 personnalit\u00e9s \u2026<\/p>\n<p>L\u2019article <a rel=\"nofollow\" href=\"http:\/\/lepays.bf\/elaboration-de-la-feuille-de-route-de-la-transition\/\">ELABORATION DE LA FEUILLE DE ROUTE DE LA TRANSITION<\/a> est apparu en premier sur <a rel=\"nofollow\" href=\"http:\/\/lepays.bf\/\">Editions Le Pays<\/a>.<\/p>\n<\/div>\n<p>Auteur: Editions LEPAYS<br \/>\n<a href=\"https:\/\/lepays.bf\/elaboration-de-la-feuille-de-route-de-la-transition\/\">Cliquez ici pour lire l&rsquo;article depuis sa source.<\/a><\/p>\n","protected":false},"excerpt":{"rendered":"<p>Le pr\u00e9sident du Mouvement patriotique pour la sauvegarde et la restauration (MPSR) assurant les fonctions de Chef de l\u2019Etat au Burkina Faso, le lieutenant-colonel Paul Henri Damiba, a proc\u00e9d\u00e9, le 8 f\u00e9vrier dernier, \u00e0 l\u2019installation officielle de la Commission technique d\u2019\u00e9laboration de projet de textes et de l\u2019agenda de la transition. Forte de 15 personnalit\u00e9s [&hellip;]<\/p>\n","protected":false},"author":1813,"featured_media":0,"comment_status":"closed","ping_status":"closed","sticky":false,"template":"","format":"standard","meta":{"fifu_image_url":"http:\/\/lepays.bf\/wp-content\/uploads\/2022\/02\/BF.jpg","fifu_image_alt":"ELABORATION DE LA FEUILLE DE ROUTE DE LA TRANSITION","footnotes":""},"categories":[73,81],"tags":[],"class_list":["post-140449","post","type-post","status-publish","format-standard","hentry","category-actualite","category-burkina-faso"],"_links":{"self":[{"href":"https:\/\/linitiative.ca\/International\/wp-json\/wp\/v2\/posts\/140449","targetHints":{"allow":["GET"]}}],"collection":[{"href":"https:\/\/linitiative.ca\/International\/wp-json\/wp\/v2\/posts"}],"about":[{"href":"https:\/\/linitiative.ca\/International\/wp-json\/wp\/v2\/types\/post"}],"author":[{"embeddable":true,"href":"https:\/\/linitiative.ca\/International\/wp-json\/wp\/v2\/users\/1813"}],"replies":[{"embeddable":true,"href":"https:\/\/linitiative.ca\/International\/wp-json\/wp\/v2\/comments?post=140449"}],"version-history":[{"count":0,"href":"https:\/\/linitiative.ca\/International\/wp-json\/wp\/v2\/posts\/140449\/revisions"}],"wp:attachment":[{"href":"https:\/\/linitiative.ca\/International\/wp-json\/wp\/v2\/media?parent=140449"}],"wp:term":[{"taxonomy":"category","embeddable":true,"href":"https:\/\/linitiative.ca\/International\/wp-json\/wp\/v2\/categories?post=140449"},{"taxonomy":"post_tag","embeddable":true,"href":"https:\/\/linitiative.ca\/International\/wp-json\/wp\/v2\/tags?post=140449"}],"curies":[{"name":"wp","href":"https:\/\/api.w.org\/{rel}","templated":true}]}}