{"id":140451,"date":"2022-02-09T14:54:02","date_gmt":"2022-02-09T19:54:02","guid":{"rendered":"https:\/\/linitiative.ca\/International\/arret-de-la-cij-sur-les-reparations-des-exactions-commises-en-rdc\/"},"modified":"2022-02-09T14:54:02","modified_gmt":"2022-02-09T19:54:02","slug":"arret-de-la-cij-sur-les-reparations-des-exactions-commises-en-rdc","status":"publish","type":"post","link":"https:\/\/linitiative.ca\/International\/arret-de-la-cij-sur-les-reparations-des-exactions-commises-en-rdc\/","title":{"rendered":"ARRET DE LA CIJ SUR LES REPARATIONS DES EXACTIONS COMMISES EN RDC"},"content":{"rendered":"<div>\n<p><img decoding=\"async\" width=\"1500\" height=\"2168\" src=\"https:\/\/linitiative.ca\/International\/wp-content\/uploads\/sites\/23\/2022\/02\/RDC.jpg\" class=\"attachment- size- wp-post-image\" alt=\"\" loading=\"lazy\" style=\"float:left; margin:0 15px 15px 0;\" srcset=\"https:\/\/linitiative.ca\/International\/wp-content\/uploads\/sites\/23\/2022\/02\/RDC.jpg 1500w, http:\/\/lepays.bf\/wp-content\/uploads\/2022\/02\/RDC-208x300.jpg 208w, http:\/\/lepays.bf\/wp-content\/uploads\/2022\/02\/RDC-708x1024.jpg 708w, http:\/\/lepays.bf\/wp-content\/uploads\/2022\/02\/RDC-768x1110.jpg 768w, http:\/\/lepays.bf\/wp-content\/uploads\/2022\/02\/RDC-1063x1536.jpg 1063w, http:\/\/lepays.bf\/wp-content\/uploads\/2022\/02\/RDC-1417x2048.jpg 1417w\" sizes=\"auto, (max-width: 1500px) 100vw, 1500px\">\u00c7a y est ! La Cour internationale de justice (CIJ), l\u2019organe judiciaire principal de l\u2019Organisation des Nations unies (ONU), a tranch\u00e9. L\u2019Ouganda doit verser la somme de 325 millions de dollars \u00e0 la R\u00e9publique d\u00e9mocratique du Congo (RDC). Ce montant est r\u00e9parti ainsi qu\u2019il suit : 225 millions de dollars pour les pertes en vies \u2026<\/p>\n<p>L\u2019article <a rel=\"nofollow\" href=\"http:\/\/lepays.bf\/arret-de-la-cij-sur-les-reparations-des-exactions-commises-en-rdc\/\">ARRET DE LA CIJ SUR LES REPARATIONS DES EXACTIONS COMMISES EN RDC<\/a> est apparu en premier sur <a rel=\"nofollow\" href=\"http:\/\/lepays.bf\/\">Editions Le Pays<\/a>.<\/p>\n<\/div>\n<p>Auteur: Editions LEPAYS<br \/>\n<a href=\"https:\/\/lepays.bf\/arret-de-la-cij-sur-les-reparations-des-exactions-commises-en-rdc\/\">Cliquez ici pour lire l&rsquo;article depuis sa source.<\/a><\/p>\n","protected":false},"excerpt":{"rendered":"<p>\u00c7a y est ! La Cour internationale de justice (CIJ), l\u2019organe judiciaire principal de l\u2019Organisation des Nations unies (ONU), a tranch\u00e9. L\u2019Ouganda doit verser la somme de 325 millions de dollars \u00e0 la R\u00e9publique d\u00e9mocratique du Congo (RDC). Ce montant est r\u00e9parti ainsi qu\u2019il suit : 225 millions de dollars pour les pertes en vies [&hellip;]<\/p>\n","protected":false},"author":1813,"featured_media":0,"comment_status":"closed","ping_status":"closed","sticky":false,"template":"","format":"standard","meta":{"fifu_image_url":"http:\/\/lepays.bf\/wp-content\/uploads\/2022\/02\/RDC.jpg","fifu_image_alt":"ARRET DE LA CIJ SUR LES REPARATIONS DES EXACTIONS COMMISES EN RDC","footnotes":""},"categories":[73,81],"tags":[],"class_list":["post-140451","post","type-post","status-publish","format-standard","hentry","category-actualite","category-burkina-faso"],"_links":{"self":[{"href":"https:\/\/linitiative.ca\/International\/wp-json\/wp\/v2\/posts\/140451","targetHints":{"allow":["GET"]}}],"collection":[{"href":"https:\/\/linitiative.ca\/International\/wp-json\/wp\/v2\/posts"}],"about":[{"href":"https:\/\/linitiative.ca\/International\/wp-json\/wp\/v2\/types\/post"}],"author":[{"embeddable":true,"href":"https:\/\/linitiative.ca\/International\/wp-json\/wp\/v2\/users\/1813"}],"replies":[{"embeddable":true,"href":"https:\/\/linitiative.ca\/International\/wp-json\/wp\/v2\/comments?post=140451"}],"version-history":[{"count":0,"href":"https:\/\/linitiative.ca\/International\/wp-json\/wp\/v2\/posts\/140451\/revisions"}],"wp:attachment":[{"href":"https:\/\/linitiative.ca\/International\/wp-json\/wp\/v2\/media?parent=140451"}],"wp:term":[{"taxonomy":"category","embeddable":true,"href":"https:\/\/linitiative.ca\/International\/wp-json\/wp\/v2\/categories?post=140451"},{"taxonomy":"post_tag","embeddable":true,"href":"https:\/\/linitiative.ca\/International\/wp-json\/wp\/v2\/tags?post=140451"}],"curies":[{"name":"wp","href":"https:\/\/api.w.org\/{rel}","templated":true}]}}