{"id":140453,"date":"2022-02-09T14:57:21","date_gmt":"2022-02-09T19:57:21","guid":{"rendered":"https:\/\/linitiative.ca\/International\/etat-de-sante-de-lex-premier-ministre-malien-boubeye-maiga\/"},"modified":"2022-02-09T14:57:21","modified_gmt":"2022-02-09T19:57:21","slug":"etat-de-sante-de-lex-premier-ministre-malien-boubeye-maiga","status":"publish","type":"post","link":"https:\/\/linitiative.ca\/International\/etat-de-sante-de-lex-premier-ministre-malien-boubeye-maiga\/","title":{"rendered":"ETAT DE SANTE DE L\u2019EX-PREMIER MINISTRE MALIEN, BOUBEYE MAIGA"},"content":{"rendered":"<div>\n<p><img loading=\"lazy\" decoding=\"async\" width=\"770\" height=\"694\" src=\"https:\/\/linitiative.ca\/International\/wp-content\/uploads\/sites\/23\/2022\/02\/MALI.jpg\" class=\"attachment- size- wp-post-image\" alt=\"\" style=\"float:left; margin:0 15px 15px 0;\" srcset=\"https:\/\/linitiative.ca\/International\/wp-content\/uploads\/sites\/23\/2022\/02\/MALI.jpg 770w, http:\/\/lepays.bf\/wp-content\/uploads\/2022\/02\/MALI-300x270.jpg 300w, http:\/\/lepays.bf\/wp-content\/uploads\/2022\/02\/MALI-768x692.jpg 768w\" sizes=\"auto, (max-width: 770px) 100vw, 770px\">Il avait \u00e9t\u00e9 plac\u00e9 sous mandat de d\u00e9p\u00f4t en fin ao\u00fbt dernier, apr\u00e8s avoir \u00e9t\u00e9 soup\u00e7onn\u00e9 de corruption et de favoritisme, notamment dans le cadre de deux affaires remontant \u00e0 2014 : l\u2019achat de l\u2019avion pr\u00e9sidentiel et les contrats d\u2019\u00e9quipements militaires. Mais en mi-d\u00e9cembre dernier, la d\u00e9gradation de son \u00e9tat de sant\u00e9 a conduit \u00e0 \u2026<\/p>\n<p>L\u2019article <a rel=\"nofollow\" href=\"http:\/\/lepays.bf\/etat-de-sante-de-lex-premier-ministre-malien-boubeye-maiga\/\">ETAT DE SANTE DE L\u2019EX-PREMIER MINISTRE MALIEN, BOUBEYE MAIGA<\/a> est apparu en premier sur <a rel=\"nofollow\" href=\"http:\/\/lepays.bf\/\">Editions Le Pays<\/a>.<\/p>\n<\/div>\n<p>Auteur: Editions LEPAYS<br \/>\n<a href=\"https:\/\/lepays.bf\/etat-de-sante-de-lex-premier-ministre-malien-boubeye-maiga\/\">Cliquez ici pour lire l&rsquo;article depuis sa source.<\/a><\/p>\n","protected":false},"excerpt":{"rendered":"<p>Il avait \u00e9t\u00e9 plac\u00e9 sous mandat de d\u00e9p\u00f4t en fin ao\u00fbt dernier, apr\u00e8s avoir \u00e9t\u00e9 soup\u00e7onn\u00e9 de corruption et de favoritisme, notamment dans le cadre de deux affaires remontant \u00e0 2014 : l\u2019achat de l\u2019avion pr\u00e9sidentiel et les contrats d\u2019\u00e9quipements militaires. Mais en mi-d\u00e9cembre dernier, la d\u00e9gradation de son \u00e9tat de sant\u00e9 a conduit \u00e0 [&hellip;]<\/p>\n","protected":false},"author":1813,"featured_media":0,"comment_status":"closed","ping_status":"closed","sticky":false,"template":"","format":"standard","meta":{"fifu_image_url":"http:\/\/lepays.bf\/wp-content\/uploads\/2022\/02\/MALI.jpg","fifu_image_alt":"ETAT DE SANTE DE L\u2019EX-PREMIER MINISTRE MALIEN, BOUBEYE MAIGA","footnotes":""},"categories":[73,81],"tags":[],"class_list":["post-140453","post","type-post","status-publish","format-standard","hentry","category-actualite","category-burkina-faso"],"_links":{"self":[{"href":"https:\/\/linitiative.ca\/International\/wp-json\/wp\/v2\/posts\/140453","targetHints":{"allow":["GET"]}}],"collection":[{"href":"https:\/\/linitiative.ca\/International\/wp-json\/wp\/v2\/posts"}],"about":[{"href":"https:\/\/linitiative.ca\/International\/wp-json\/wp\/v2\/types\/post"}],"author":[{"embeddable":true,"href":"https:\/\/linitiative.ca\/International\/wp-json\/wp\/v2\/users\/1813"}],"replies":[{"embeddable":true,"href":"https:\/\/linitiative.ca\/International\/wp-json\/wp\/v2\/comments?post=140453"}],"version-history":[{"count":0,"href":"https:\/\/linitiative.ca\/International\/wp-json\/wp\/v2\/posts\/140453\/revisions"}],"wp:attachment":[{"href":"https:\/\/linitiative.ca\/International\/wp-json\/wp\/v2\/media?parent=140453"}],"wp:term":[{"taxonomy":"category","embeddable":true,"href":"https:\/\/linitiative.ca\/International\/wp-json\/wp\/v2\/categories?post=140453"},{"taxonomy":"post_tag","embeddable":true,"href":"https:\/\/linitiative.ca\/International\/wp-json\/wp\/v2\/tags?post=140453"}],"curies":[{"name":"wp","href":"https:\/\/api.w.org\/{rel}","templated":true}]}}