{"id":140459,"date":"2022-02-09T07:39:06","date_gmt":"2022-02-09T12:39:06","guid":{"rendered":"https:\/\/linitiative.ca\/International\/burkina-david-kabre-le-nouveau-chef-detat-major-general-des-armees-installe\/"},"modified":"2022-02-09T07:39:06","modified_gmt":"2022-02-09T12:39:06","slug":"burkina-david-kabre-le-nouveau-chef-detat-major-general-des-armees-installe","status":"publish","type":"post","link":"https:\/\/linitiative.ca\/International\/burkina-david-kabre-le-nouveau-chef-detat-major-general-des-armees-installe\/","title":{"rendered":"Burkina : David Kabr\u00e9, le nouveau chef d\u2019Etat-major g\u00e9n\u00e9ral des arm\u00e9es install\u00e9"},"content":{"rendered":"<div>\n<p>Le colonel-major David Kabr\u00e9 a \u00e9t\u00e9 install\u00e9 ce mercredi 9 f\u00e9vrier 2022 dans ses fonctions de Chef d\u2019Etat-major G\u00e9n\u00e9ral des arm\u00e9es.<\/p>\n<p>David Kabr\u00e9 est conscient que les Burkinab\u00e8 n\u2019attendent pas autre chose que des r\u00e9sultats, la s\u00e9curisation du pays. <em>\u00ab Cela nous impose de prendre des actions urgentes fortes dans l\u2019esprit de la refondation de notre Nation port\u00e9e par le Pr\u00e9sident du MPSR \u00bb<\/em>, dit-il.<\/p>\n<p>Le nouveau chef d\u2019Etat-major G\u00e9n\u00e9ral des arm\u00e9es, le Colonel-Major David Kabr\u00e9 invite la population \u00e0 s\u2019allier aux forces de d\u00e9fense et de s\u00e9curit\u00e9 (FDS) pour combattre le terrorisme.<\/p>\n<figure id=\"attachment_45373\" aria-describedby=\"caption-attachment-45373\" style=\"width: 900px\" class=\"wp-caption alignnone\"><img decoding=\"async\" loading=\"lazy\" class=\"wp-image-45373 size-full\" src=\"https:\/\/linitiative.ca\/International\/wp-content\/uploads\/sites\/23\/2022\/02\/ph-passation.jpg\" alt=\"\" width=\"900\" height=\"600\" srcset=\"https:\/\/linitiative.ca\/International\/wp-content\/uploads\/sites\/23\/2022\/02\/ph-passation.jpg 900w, https:\/\/www.sidwaya.info\/wp-content\/uploads\/2022\/02\/ph-passation-300x200.jpg 300w, https:\/\/www.sidwaya.info\/wp-content\/uploads\/2022\/02\/ph-passation-768x512.jpg 768w, https:\/\/www.sidwaya.info\/wp-content\/uploads\/2022\/02\/ph-passation-150x100.jpg 150w, https:\/\/www.sidwaya.info\/wp-content\/uploads\/2022\/02\/ph-passation-696x464.jpg 696w, https:\/\/www.sidwaya.info\/wp-content\/uploads\/2022\/02\/ph-passation-630x420.jpg 630w\" sizes=\"auto, (max-width: 900px) 100vw, 900px\"><figcaption id=\"caption-attachment-45373\" class=\"wp-caption-text\">?????????<\/figcaption><\/figure>\n<p>Il confie de ce fait que les FDS ne sont \u2018\u2019qu\u2019un pilier de la solution contre le terrorisme\u2019\u2019. <em>\u00ab Au regard des caract\u00e9ristiques de la menace, il semble \u00e9vident que seule une conjugaison des efforts entre FDS, VDP et populations permettra d\u2019inverser la tendance \u00bb<\/em>, laisse entendre le nouveau Chef d\u2019Etat-major g\u00e9n\u00e9ral des arm\u00e9es.<\/p>\n<p><strong>La R\u00e9daction<\/strong><\/p>\n<p>L\u2019article <a rel=\"nofollow\" href=\"https:\/\/www.sidwaya.info\/blog\/2022\/02\/09\/situation-nationale-david-kabre-le-nouveau-chef-detat-major-general-des-armees-installe\/\">Burkina : David Kabr\u00e9, le nouveau chef d\u2019Etat-major g\u00e9n\u00e9ral des arm\u00e9es install\u00e9<\/a> est apparu en premier sur <a rel=\"nofollow\" href=\"https:\/\/www.sidwaya.info\/\">Quotidien Sidwaya<\/a>.<\/p>\n<\/div>\n<p>Auteur: Wamini SIDWAYA<br \/>\n<a href=\"https:\/\/www.sidwaya.info\/blog\/2022\/02\/09\/situation-nationale-david-kabre-le-nouveau-chef-detat-major-general-des-armees-installe\/?utm_source=rss&#038;utm_medium=rss&#038;utm_campaign=situation-nationale-david-kabre-le-nouveau-chef-detat-major-general-des-armees-installe\">Cliquez ici pour lire l&rsquo;article depuis sa source.<\/a><\/p>\n","protected":false},"excerpt":{"rendered":"<p>Le colonel-major David Kabr\u00e9 a \u00e9t\u00e9 install\u00e9 ce mercredi 9 f\u00e9vrier 2022 dans ses fonctions de Chef d\u2019Etat-major G\u00e9n\u00e9ral des arm\u00e9es. David Kabr\u00e9 est conscient que les Burkinab\u00e8 n\u2019attendent pas autre chose que des r\u00e9sultats, la s\u00e9curisation du pays. \u00ab Cela nous impose de prendre des actions urgentes fortes dans l\u2019esprit de la refondation de [&hellip;]<\/p>\n","protected":false},"author":1816,"featured_media":0,"comment_status":"closed","ping_status":"closed","sticky":false,"template":"","format":"standard","meta":{"fifu_image_url":"https:\/\/www.sidwaya.info\/wp-content\/uploads\/2022\/02\/ph-passation.jpg","fifu_image_alt":"Burkina : David Kabr\u00e9, le nouveau chef d\u2019Etat-major g\u00e9n\u00e9ral des arm\u00e9es install\u00e9","footnotes":""},"categories":[73,81],"tags":[],"class_list":["post-140459","post","type-post","status-publish","format-standard","hentry","category-actualite","category-burkina-faso"],"_links":{"self":[{"href":"https:\/\/linitiative.ca\/International\/wp-json\/wp\/v2\/posts\/140459","targetHints":{"allow":["GET"]}}],"collection":[{"href":"https:\/\/linitiative.ca\/International\/wp-json\/wp\/v2\/posts"}],"about":[{"href":"https:\/\/linitiative.ca\/International\/wp-json\/wp\/v2\/types\/post"}],"author":[{"embeddable":true,"href":"https:\/\/linitiative.ca\/International\/wp-json\/wp\/v2\/users\/1816"}],"replies":[{"embeddable":true,"href":"https:\/\/linitiative.ca\/International\/wp-json\/wp\/v2\/comments?post=140459"}],"version-history":[{"count":0,"href":"https:\/\/linitiative.ca\/International\/wp-json\/wp\/v2\/posts\/140459\/revisions"}],"wp:attachment":[{"href":"https:\/\/linitiative.ca\/International\/wp-json\/wp\/v2\/media?parent=140459"}],"wp:term":[{"taxonomy":"category","embeddable":true,"href":"https:\/\/linitiative.ca\/International\/wp-json\/wp\/v2\/categories?post=140459"},{"taxonomy":"post_tag","embeddable":true,"href":"https:\/\/linitiative.ca\/International\/wp-json\/wp\/v2\/tags?post=140459"}],"curies":[{"name":"wp","href":"https:\/\/api.w.org\/{rel}","templated":true}]}}