{"id":140461,"date":"2022-02-09T08:10:08","date_gmt":"2022-02-09T13:10:08","guid":{"rendered":"https:\/\/linitiative.ca\/International\/cyclone-a-madagascar-au-moins-80-morts-selon-un-nouveau-bilan\/"},"modified":"2022-02-09T08:10:08","modified_gmt":"2022-02-09T13:10:08","slug":"cyclone-a-madagascar-au-moins-80-morts-selon-un-nouveau-bilan","status":"publish","type":"post","link":"https:\/\/linitiative.ca\/International\/cyclone-a-madagascar-au-moins-80-morts-selon-un-nouveau-bilan\/","title":{"rendered":"Cyclone \u00e0 Madagascar: au moins  80 morts selon un nouveau bilan"},"content":{"rendered":"<div>\n<p>Le bilan humain du cyclone Batsirai, qui a quitt\u00e9 Madagascar lundi matin, est pass\u00e9 \u00e0 30 morts, selon un d\u00e9compte actualis\u00e9 des autorit\u00e9s, et pourrait s\u2019alourdir alors que des corps continuent \u00e0 \u00eatre retrouv\u00e9s dans les d\u00e9combres de maisons effondr\u00e9es. Ce mercredi matin, le Bureau national de gestion des risques et des catastrophes (BNGRC), qui compile les \u00e9l\u00e9ments remont\u00e9s depuis les r\u00e9gions les plus touch\u00e9es, notamment sur la c\u00f4te orientale de l\u2019\u00eele de l\u2019oc\u00e9an Indien, a annonc\u00e9 que le nombre de morts \u00e9tait pass\u00e9 de 21 \u00e0 30 la veille au soir.<\/p>\n<p>Cet organisme public recense aussi plus de 94.000 sinistr\u00e9s et pr\u00e8s de 60.000 d\u00e9plac\u00e9s, alors que nombreuses ONG et agences de l\u2019ONU ont commenc\u00e9 \u00e0 d\u00e9ployer des ressources et des \u00e9quipes pour venir en aide aux victimes de ces pluies diluviennes et vents extr\u00eamement forts.<\/p>\n<p>AFP<\/p>\n<p>L\u2019article <a rel=\"nofollow\" href=\"https:\/\/www.sidwaya.info\/blog\/2022\/02\/09\/cyclone-a-madagascar-au-moins-30-morts-selon-un-nouveau-bilan\/\">Cyclone \u00e0 Madagascar: au moins  80 morts selon un nouveau bilan<\/a> est apparu en premier sur <a rel=\"nofollow\" href=\"https:\/\/www.sidwaya.info\/\">Quotidien Sidwaya<\/a>.<\/p>\n<\/div>\n<p>Auteur: BS. Sidwaya<br \/>\n<a href=\"https:\/\/www.sidwaya.info\/blog\/2022\/02\/09\/cyclone-a-madagascar-au-moins-30-morts-selon-un-nouveau-bilan\/?utm_source=rss&#038;utm_medium=rss&#038;utm_campaign=cyclone-a-madagascar-au-moins-30-morts-selon-un-nouveau-bilan\">Cliquez ici pour lire l&rsquo;article depuis sa source.<\/a><\/p>\n","protected":false},"excerpt":{"rendered":"<p>Le bilan humain du cyclone Batsirai, qui a quitt\u00e9 Madagascar lundi matin, est pass\u00e9 \u00e0 30 morts, selon un d\u00e9compte actualis\u00e9 des autorit\u00e9s, et pourrait s\u2019alourdir alors que des corps continuent \u00e0 \u00eatre retrouv\u00e9s dans les d\u00e9combres de maisons effondr\u00e9es. Ce mercredi matin, le Bureau national de gestion des risques et des catastrophes (BNGRC), qui [&hellip;]<\/p>\n","protected":false},"author":1816,"featured_media":0,"comment_status":"closed","ping_status":"closed","sticky":false,"template":"","format":"standard","meta":{"fifu_image_url":"","fifu_image_alt":"","footnotes":""},"categories":[73,81],"tags":[],"class_list":["post-140461","post","type-post","status-publish","format-standard","hentry","category-actualite","category-burkina-faso"],"_links":{"self":[{"href":"https:\/\/linitiative.ca\/International\/wp-json\/wp\/v2\/posts\/140461","targetHints":{"allow":["GET"]}}],"collection":[{"href":"https:\/\/linitiative.ca\/International\/wp-json\/wp\/v2\/posts"}],"about":[{"href":"https:\/\/linitiative.ca\/International\/wp-json\/wp\/v2\/types\/post"}],"author":[{"embeddable":true,"href":"https:\/\/linitiative.ca\/International\/wp-json\/wp\/v2\/users\/1816"}],"replies":[{"embeddable":true,"href":"https:\/\/linitiative.ca\/International\/wp-json\/wp\/v2\/comments?post=140461"}],"version-history":[{"count":0,"href":"https:\/\/linitiative.ca\/International\/wp-json\/wp\/v2\/posts\/140461\/revisions"}],"wp:attachment":[{"href":"https:\/\/linitiative.ca\/International\/wp-json\/wp\/v2\/media?parent=140461"}],"wp:term":[{"taxonomy":"category","embeddable":true,"href":"https:\/\/linitiative.ca\/International\/wp-json\/wp\/v2\/categories?post=140461"},{"taxonomy":"post_tag","embeddable":true,"href":"https:\/\/linitiative.ca\/International\/wp-json\/wp\/v2\/tags?post=140461"}],"curies":[{"name":"wp","href":"https:\/\/api.w.org\/{rel}","templated":true}]}}